{"id":10077,"date":"2023-09-28T17:01:25","date_gmt":"2023-09-28T15:01:25","guid":{"rendered":"https:\/\/9staedte.de\/het-hertogelijk-paleis-van-wolfenbuttel-prachtige-kunstschatten-in-historische-staatsievertrekken\/"},"modified":"2025-02-17T07:57:59","modified_gmt":"2025-02-17T06:57:59","slug":"het-hertogelijk-paleis-van-wolfenbuttel-prachtige-kunstschatten-in-historische-staatsievertrekken","status":"publish","type":"post","link":"https:\/\/9staedte.de\/nl\/het-hertogelijk-paleis-van-wolfenbuttel-prachtige-kunstschatten-in-historische-staatsievertrekken\/","title":{"rendered":"Het hertogelijk paleis van Wolfenb\u00fcttel &#8211; prachtige kunstschatten in historische staatsievertrekken"},"content":{"rendered":"\n<h3 class=\"wp-block-heading\">Schloss Wolfenb\u00fcttel \u2013 fr\u00fcher Heimat der Herz\u00f6ge heute herzogliches Museum<\/h3>\n\n<p>Wie die Realit\u00e4t gewordene Vision eines F\u00fcrsten beherrscht das Schloss der Welfenherz\u00f6ge die Stadt Wolfenb\u00fcttel. Vom Gro\u00dfen Kurf\u00fcrsten bis zu Zar Peter dem Gro\u00dfen waren in dieser Residenz im 17. und 18. Jahrhundert die M\u00e4chtigen der Welt zu Gast.<\/p>\n\n<p>Im 17. Jahrhundert wurde die urspr\u00fcngliche Wasserburg, die bereits 1118 erstmals urkundlich erw\u00e4hnt wurde, kontinuierlich zu einem repr\u00e4sentativen Barockschloss umgebaut. Heute ist das Schloss Wolfenb\u00fcttel der zweitgr\u00f6\u00dfte erhaltene Schlossbau Niedersachsens.<\/p>\n\n<p>Im Museum im Schloss erwarten heute den Besucher erlesene Kunstsch\u00e4tze in historischen Prunkr\u00e4umen. Auf Schritt und Tritt erschlie\u00dfen sich h\u00f6fischer Glanz und h\u00f6fische Kultur, so wie sie der prunkliebende Herzog Anton Ulrich liebte, der Wolfenb\u00fcttels Bl\u00fctezeit pr\u00e4gte. Dar\u00fcber hinaus liefern interessante Zeugnisse b\u00fcrgerlichen Lebens einen Einblick in die Stadtgeschichte Wolfenb\u00fcttels.<\/p>\n\n<p>F\u00fchrungen mit dem herzoglichen Tanzmeister lassen einen Besuch des Museums zum unvergessenen Erlebnis werden. Dar\u00fcber hinaus k\u00f6nnen thematische F\u00fchrungen zur Kunst und Kultur der Barockzeit gebucht werden.<\/p>\n\n<div class=\"wp-block-columns is-layout-flex wp-container-core-columns-is-layout-9d6595d7 wp-block-columns-is-layout-flex\">\n<div class=\"wp-block-column is-layout-flow wp-block-column-is-layout-flow\">\n<h4 class=\"wp-block-heading\">Openingstijden:<\/h4>\n\n\n\n<p>Dienstag bis Sonntag 10.00 \u2013 17.00 Uhr<\/p>\n\n\n\n<h4 class=\"wp-block-heading\">Kontakt:<\/h4>\n\n\n\n<p>Museum im Schloss Wolfenb\u00fcttel<br\/>Schlossplatz 13<br\/>38304 Wolfenb\u00fcttel<br\/>Tel.: + 49 (0) 5331\/92460<br\/>Fax: \u00a0+ 49 (0) 5331\/924618<br\/><a href=\"https:\/\/www.lessingstadt-wolfenbuettel.de\/vor-ort\/poi\/schloss-museum\" target=\"_blank\" rel=\"noreferrer noopener\">Weitere Informationen<\/a><\/p>\n<\/div>\n\n\n\n<div class=\"wp-block-column is-vertically-aligned-center is-layout-flow wp-block-column-is-layout-flow\">\n <div class=\"brlbs-cmpnt-container brlbs-cmpnt-content-blocker brlbs-cmpnt-with-individual-styles\" data-borlabs-cookie-content-blocker-id=\"google-maps\" data-borlabs-cookie-content=\"PGlmcmFtZSBzcmM9Imh0dHBzOi8vd3d3Lmdvb2dsZS5jb20vbWFwcy9lbWJlZD9wYj0hMW0xOCExbTEyITFtMyExZDYxMS44NTc2MjkyMDUyMTUxITJkMTAuNTI4ODU0NTY5NjgwMDk0ITNkNTIuMTYyODY1NTk4MjQ4MDc1ITJtMyExZjAhMmYwITNmMCEzbTIhMWkxMDI0ITJpNzY4ITRmMTMuMSEzbTMhMW0yITFzMHg0N2E1NWU5MjAwMmRlNGQ5JTNBMHhkOGFhMTk5MjQ1NTE5MmIwITJzU2NobG9zcyUyME11c2V1bSUyMFdvbGZlbmIlQzMlQkN0dGVsITVlMCEzbTIhMXNkZSEyc2RlITR2MTY5MjI1OTAzNzk1NyE1bTIhMXNkZSEyc2RlIiB3aWR0aD0iNDAwIiBoZWlnaHQ9IjMwMCIgc3R5bGU9ImJvcmRlcjowOyIgYWxsb3dmdWxsc2NyZWVuPSIiIGxvYWRpbmc9ImxhenkiIHJlZmVycmVycG9saWN5PSJuby1yZWZlcnJlci13aGVuLWRvd25ncmFkZSI+PC9pZnJhbWU+\"><div class=\"brlbs-cmpnt-cb-preset-b brlbs-cmpnt-cb-google-maps\"> <div class=\"brlbs-cmpnt-cb-thumbnail\" style=\"background-image: url('https:\/\/9staedte.de\/wp-content\/uploads\/borlabs-cookie\/1\/brlbs-cb-google-maps-main.png')\"><\/div> <div class=\"brlbs-cmpnt-cb-main\"> <div class=\"brlbs-cmpnt-cb-content\"> <p class=\"brlbs-cmpnt-cb-description\">U bekijkt momenteel inhoud van een plaatshouder van <strong>Google Maps<\/strong>. Klik op de knop hieronder om de volledige inhoud te bekijken. Houd er rekening mee dat u op deze manier gegevens deelt met providers van derden.<\/p> <a class=\"brlbs-cmpnt-cb-provider-toggle\" href=\"#\" data-borlabs-cookie-show-provider-information role=\"button\">Meer informatie<\/a> <\/div> <div class=\"brlbs-cmpnt-cb-buttons\"> <a class=\"brlbs-cmpnt-cb-btn\" href=\"#\" data-borlabs-cookie-unblock role=\"button\">Inhoud deblokkeren<\/a> <a class=\"brlbs-cmpnt-cb-btn\" href=\"#\" data-borlabs-cookie-accept-service role=\"button\" style=\"display: inherit\">Vereiste service accepteren en inhoud deblokkeren<\/a> <\/div> <\/div> <\/div><\/div>\n<\/div>\n<\/div>\n","protected":false},"excerpt":{"rendered":"<p>Schloss Wolfenb\u00fcttel \u2013 fr\u00fcher Heimat der Herz\u00f6ge heute herzogliches Museum Wie die Realit\u00e4t gewordene Vision eines F\u00fcrsten beherrscht das Schloss der Welfenherz\u00f6ge die Stadt Wolfenb\u00fcttel. Vom Gro\u00dfen Kurf\u00fcrsten bis zu Zar Peter dem Gro\u00dfen waren in dieser Residenz im 17. und 18. Jahrhundert die M\u00e4chtigen der Welt zu Gast. Im 17. Jahrhundert wurde die urspr\u00fcngliche [&hellip;]<\/p>\n","protected":false},"author":1,"featured_media":9363,"comment_status":"closed","ping_status":"closed","sticky":false,"template":"","format":"standard","meta":{"_acf_changed":false,"footnotes":""},"categories":[335,417],"tags":[],"ncap_cities_tax":[748,468],"class_list":["post-10077","post","type-post","status-publish","format-standard","has-post-thumbnail","hentry","category-geen-onderdeel-van-een-categorie","category-unkategorisiert-nl","ncap_cities_tax-schlosser-und-garten-wolfenbuettel-nl-wolfenbuettel-nl","ncap_cities_tax-wolfenbuettel-nl"],"acf":[],"yoast_head":"<!-- This site is optimized with the Yoast SEO plugin v27.4 - https:\/\/yoast.com\/product\/yoast-seo-wordpress\/ -->\n<title>Het hertogelijk paleis van Wolfenb\u00fcttel - prachtige kunstschatten in historische staatsievertrekken - 9 St\u00e4dte in Niedersachsen<\/title>\n<meta name=\"robots\" content=\"index, follow, max-snippet:-1, max-image-preview:large, max-video-preview:-1\" \/>\n<link rel=\"canonical\" href=\"https:\/\/9staedte.de\/nl\/het-hertogelijk-paleis-van-wolfenbuttel-prachtige-kunstschatten-in-historische-staatsievertrekken\/\" \/>\n<meta property=\"og:locale\" content=\"nl_NL\" \/>\n<meta property=\"og:type\" content=\"article\" \/>\n<meta property=\"og:title\" content=\"Het hertogelijk paleis van Wolfenb\u00fcttel - prachtige kunstschatten in historische staatsievertrekken - 9 St\u00e4dte in Niedersachsen\" \/>\n<meta property=\"og:description\" content=\"Schloss Wolfenb\u00fcttel \u2013 fr\u00fcher Heimat der Herz\u00f6ge heute herzogliches Museum Wie die Realit\u00e4t gewordene Vision eines F\u00fcrsten beherrscht das Schloss der Welfenherz\u00f6ge die Stadt Wolfenb\u00fcttel. Vom Gro\u00dfen Kurf\u00fcrsten bis zu Zar Peter dem Gro\u00dfen waren in dieser Residenz im 17. und 18. Jahrhundert die M\u00e4chtigen der Welt zu Gast. Im 17. Jahrhundert wurde die urspr\u00fcngliche [&hellip;]\" \/>\n<meta property=\"og:url\" content=\"https:\/\/9staedte.de\/nl\/het-hertogelijk-paleis-van-wolfenbuttel-prachtige-kunstschatten-in-historische-staatsievertrekken\/\" \/>\n<meta property=\"og:site_name\" content=\"9 St\u00e4dte in Niedersachsen\" \/>\n<meta property=\"article:published_time\" content=\"2023-09-28T15:01:25+00:00\" \/>\n<meta property=\"article:modified_time\" content=\"2025-02-17T06:57:59+00:00\" \/>\n<meta property=\"og:image\" content=\"https:\/\/9staedte.de\/wp-content\/uploads\/2022\/03\/Schloss-Wolfenbuettel-Fotograf-Christian-Bierwagen-Rechte-Stadt-Wolfenbuettel.jpg\" \/>\n\t<meta property=\"og:image:width\" content=\"1019\" \/>\n\t<meta property=\"og:image:height\" content=\"555\" \/>\n\t<meta property=\"og:image:type\" content=\"image\/jpeg\" \/>\n<meta name=\"author\" content=\"Domanetzki\" \/>\n<meta name=\"twitter:card\" content=\"summary_large_image\" \/>\n<meta name=\"twitter:label1\" content=\"Geschreven door\" \/>\n\t<meta name=\"twitter:data1\" content=\"Domanetzki\" \/>\n\t<meta name=\"twitter:label2\" content=\"Geschatte leestijd\" \/>\n\t<meta name=\"twitter:data2\" content=\"1 minuut\" \/>\n<script type=\"application\/ld+json\" class=\"yoast-schema-graph\">{\"@context\":\"https:\\\/\\\/schema.org\",\"@graph\":[{\"@type\":\"Article\",\"@id\":\"https:\\\/\\\/9staedte.de\\\/nl\\\/het-hertogelijk-paleis-van-wolfenbuttel-prachtige-kunstschatten-in-historische-staatsievertrekken\\\/#article\",\"isPartOf\":{\"@id\":\"https:\\\/\\\/9staedte.de\\\/nl\\\/het-hertogelijk-paleis-van-wolfenbuttel-prachtige-kunstschatten-in-historische-staatsievertrekken\\\/\"},\"author\":{\"name\":\"Domanetzki\",\"@id\":\"https:\\\/\\\/9staedte.de\\\/nl\\\/#\\\/schema\\\/person\\\/76d8d86d5647cfd38d36c81fa7edcfec\"},\"headline\":\"Het hertogelijk paleis van Wolfenb\u00fcttel &#8211; prachtige kunstschatten in historische staatsievertrekken\",\"datePublished\":\"2023-09-28T15:01:25+00:00\",\"dateModified\":\"2025-02-17T06:57:59+00:00\",\"mainEntityOfPage\":{\"@id\":\"https:\\\/\\\/9staedte.de\\\/nl\\\/het-hertogelijk-paleis-van-wolfenbuttel-prachtige-kunstschatten-in-historische-staatsievertrekken\\\/\"},\"wordCount\":210,\"publisher\":{\"@id\":\"https:\\\/\\\/9staedte.de\\\/nl\\\/#organization\"},\"image\":{\"@id\":\"https:\\\/\\\/9staedte.de\\\/nl\\\/het-hertogelijk-paleis-van-wolfenbuttel-prachtige-kunstschatten-in-historische-staatsievertrekken\\\/#primaryimage\"},\"thumbnailUrl\":\"https:\\\/\\\/9staedte.de\\\/wp-content\\\/uploads\\\/2022\\\/03\\\/Schloss-Wolfenbuettel-Fotograf-Christian-Bierwagen-Rechte-Stadt-Wolfenbuettel.jpg\",\"articleSection\":[\"Geen onderdeel van een categorie\",\"Unkategorisiert\"],\"inLanguage\":\"nl-NL\"},{\"@type\":\"WebPage\",\"@id\":\"https:\\\/\\\/9staedte.de\\\/nl\\\/het-hertogelijk-paleis-van-wolfenbuttel-prachtige-kunstschatten-in-historische-staatsievertrekken\\\/\",\"url\":\"https:\\\/\\\/9staedte.de\\\/nl\\\/het-hertogelijk-paleis-van-wolfenbuttel-prachtige-kunstschatten-in-historische-staatsievertrekken\\\/\",\"name\":\"Het hertogelijk paleis van Wolfenb\u00fcttel - prachtige kunstschatten in historische staatsievertrekken - 9 St\u00e4dte in Niedersachsen\",\"isPartOf\":{\"@id\":\"https:\\\/\\\/9staedte.de\\\/nl\\\/#website\"},\"primaryImageOfPage\":{\"@id\":\"https:\\\/\\\/9staedte.de\\\/nl\\\/het-hertogelijk-paleis-van-wolfenbuttel-prachtige-kunstschatten-in-historische-staatsievertrekken\\\/#primaryimage\"},\"image\":{\"@id\":\"https:\\\/\\\/9staedte.de\\\/nl\\\/het-hertogelijk-paleis-van-wolfenbuttel-prachtige-kunstschatten-in-historische-staatsievertrekken\\\/#primaryimage\"},\"thumbnailUrl\":\"https:\\\/\\\/9staedte.de\\\/wp-content\\\/uploads\\\/2022\\\/03\\\/Schloss-Wolfenbuettel-Fotograf-Christian-Bierwagen-Rechte-Stadt-Wolfenbuettel.jpg\",\"datePublished\":\"2023-09-28T15:01:25+00:00\",\"dateModified\":\"2025-02-17T06:57:59+00:00\",\"breadcrumb\":{\"@id\":\"https:\\\/\\\/9staedte.de\\\/nl\\\/het-hertogelijk-paleis-van-wolfenbuttel-prachtige-kunstschatten-in-historische-staatsievertrekken\\\/#breadcrumb\"},\"inLanguage\":\"nl-NL\",\"potentialAction\":[{\"@type\":\"ReadAction\",\"target\":[\"https:\\\/\\\/9staedte.de\\\/nl\\\/het-hertogelijk-paleis-van-wolfenbuttel-prachtige-kunstschatten-in-historische-staatsievertrekken\\\/\"]}]},{\"@type\":\"ImageObject\",\"inLanguage\":\"nl-NL\",\"@id\":\"https:\\\/\\\/9staedte.de\\\/nl\\\/het-hertogelijk-paleis-van-wolfenbuttel-prachtige-kunstschatten-in-historische-staatsievertrekken\\\/#primaryimage\",\"url\":\"https:\\\/\\\/9staedte.de\\\/wp-content\\\/uploads\\\/2022\\\/03\\\/Schloss-Wolfenbuettel-Fotograf-Christian-Bierwagen-Rechte-Stadt-Wolfenbuettel.jpg\",\"contentUrl\":\"https:\\\/\\\/9staedte.de\\\/wp-content\\\/uploads\\\/2022\\\/03\\\/Schloss-Wolfenbuettel-Fotograf-Christian-Bierwagen-Rechte-Stadt-Wolfenbuettel.jpg\",\"width\":1019,\"height\":555,\"caption\":\"Schloss Wolfenb\u00fcttel, Fotograf Christian Bierwagen, Rechte Stadt Wolfenb\u00fcttel\"},{\"@type\":\"BreadcrumbList\",\"@id\":\"https:\\\/\\\/9staedte.de\\\/nl\\\/het-hertogelijk-paleis-van-wolfenbuttel-prachtige-kunstschatten-in-historische-staatsievertrekken\\\/#breadcrumb\",\"itemListElement\":[{\"@type\":\"ListItem\",\"position\":1,\"name\":\"Startseite\",\"item\":\"https:\\\/\\\/9staedte.de\\\/nl\\\/\"},{\"@type\":\"ListItem\",\"position\":2,\"name\":\"Het hertogelijk paleis van Wolfenb\u00fcttel &#8211; prachtige kunstschatten in historische staatsievertrekken\"}]},{\"@type\":\"WebSite\",\"@id\":\"https:\\\/\\\/9staedte.de\\\/nl\\\/#website\",\"url\":\"https:\\\/\\\/9staedte.de\\\/nl\\\/\",\"name\":\"9 St\u00e4dte in Niedersachsen\",\"description\":\"\",\"publisher\":{\"@id\":\"https:\\\/\\\/9staedte.de\\\/nl\\\/#organization\"},\"potentialAction\":[{\"@type\":\"SearchAction\",\"target\":{\"@type\":\"EntryPoint\",\"urlTemplate\":\"https:\\\/\\\/9staedte.de\\\/nl\\\/?s={search_term_string}\"},\"query-input\":{\"@type\":\"PropertyValueSpecification\",\"valueRequired\":true,\"valueName\":\"search_term_string\"}}],\"inLanguage\":\"nl-NL\"},{\"@type\":\"Organization\",\"@id\":\"https:\\\/\\\/9staedte.de\\\/nl\\\/#organization\",\"name\":\"9 St\u00e4dte in Niedersachsen\",\"url\":\"https:\\\/\\\/9staedte.de\\\/nl\\\/\",\"logo\":{\"@type\":\"ImageObject\",\"inLanguage\":\"nl-NL\",\"@id\":\"https:\\\/\\\/9staedte.de\\\/nl\\\/#\\\/schema\\\/logo\\\/image\\\/\",\"url\":\"https:\\\/\\\/9staedte.de\\\/wp-content\\\/uploads\\\/2025\\\/01\\\/9-neg-deutsch-2-1.png\",\"contentUrl\":\"https:\\\/\\\/9staedte.de\\\/wp-content\\\/uploads\\\/2025\\\/01\\\/9-neg-deutsch-2-1.png\",\"width\":190,\"height\":114,\"caption\":\"9 St\u00e4dte in Niedersachsen\"},\"image\":{\"@id\":\"https:\\\/\\\/9staedte.de\\\/nl\\\/#\\\/schema\\\/logo\\\/image\\\/\"}},{\"@type\":\"Person\",\"@id\":\"https:\\\/\\\/9staedte.de\\\/nl\\\/#\\\/schema\\\/person\\\/76d8d86d5647cfd38d36c81fa7edcfec\",\"name\":\"Domanetzki\",\"image\":{\"@type\":\"ImageObject\",\"inLanguage\":\"nl-NL\",\"@id\":\"https:\\\/\\\/secure.gravatar.com\\\/avatar\\\/8f498d6068a46406fdc8f1d2e673133f3dd519ece9f0baf51e555f77ead18b5d?s=96&d=mm&r=g\",\"url\":\"https:\\\/\\\/secure.gravatar.com\\\/avatar\\\/8f498d6068a46406fdc8f1d2e673133f3dd519ece9f0baf51e555f77ead18b5d?s=96&d=mm&r=g\",\"contentUrl\":\"https:\\\/\\\/secure.gravatar.com\\\/avatar\\\/8f498d6068a46406fdc8f1d2e673133f3dd519ece9f0baf51e555f77ead18b5d?s=96&d=mm&r=g\",\"caption\":\"Domanetzki\"},\"sameAs\":[\"https:\\\/\\\/9staedte.de\"],\"url\":\"https:\\\/\\\/9staedte.de\\\/nl\\\/author\\\/domanetzki\\\/\"}]}<\/script>\n<!-- \/ Yoast SEO plugin. -->","yoast_head_json":{"title":"Het hertogelijk paleis van Wolfenb\u00fcttel - prachtige kunstschatten in historische staatsievertrekken - 9 St\u00e4dte in Niedersachsen","robots":{"index":"index","follow":"follow","max-snippet":"max-snippet:-1","max-image-preview":"max-image-preview:large","max-video-preview":"max-video-preview:-1"},"canonical":"https:\/\/9staedte.de\/nl\/het-hertogelijk-paleis-van-wolfenbuttel-prachtige-kunstschatten-in-historische-staatsievertrekken\/","og_locale":"nl_NL","og_type":"article","og_title":"Het hertogelijk paleis van Wolfenb\u00fcttel - prachtige kunstschatten in historische staatsievertrekken - 9 St\u00e4dte in Niedersachsen","og_description":"Schloss Wolfenb\u00fcttel \u2013 fr\u00fcher Heimat der Herz\u00f6ge heute herzogliches Museum Wie die Realit\u00e4t gewordene Vision eines F\u00fcrsten beherrscht das Schloss der Welfenherz\u00f6ge die Stadt Wolfenb\u00fcttel. Vom Gro\u00dfen Kurf\u00fcrsten bis zu Zar Peter dem Gro\u00dfen waren in dieser Residenz im 17. und 18. Jahrhundert die M\u00e4chtigen der Welt zu Gast. Im 17. Jahrhundert wurde die urspr\u00fcngliche [&hellip;]","og_url":"https:\/\/9staedte.de\/nl\/het-hertogelijk-paleis-van-wolfenbuttel-prachtige-kunstschatten-in-historische-staatsievertrekken\/","og_site_name":"9 St\u00e4dte in Niedersachsen","article_published_time":"2023-09-28T15:01:25+00:00","article_modified_time":"2025-02-17T06:57:59+00:00","og_image":[{"width":1019,"height":555,"url":"https:\/\/9staedte.de\/wp-content\/uploads\/2022\/03\/Schloss-Wolfenbuettel-Fotograf-Christian-Bierwagen-Rechte-Stadt-Wolfenbuettel.jpg","type":"image\/jpeg"}],"author":"Domanetzki","twitter_card":"summary_large_image","twitter_misc":{"Geschreven door":"Domanetzki","Geschatte leestijd":"1 minuut"},"schema":{"@context":"https:\/\/schema.org","@graph":[{"@type":"Article","@id":"https:\/\/9staedte.de\/nl\/het-hertogelijk-paleis-van-wolfenbuttel-prachtige-kunstschatten-in-historische-staatsievertrekken\/#article","isPartOf":{"@id":"https:\/\/9staedte.de\/nl\/het-hertogelijk-paleis-van-wolfenbuttel-prachtige-kunstschatten-in-historische-staatsievertrekken\/"},"author":{"name":"Domanetzki","@id":"https:\/\/9staedte.de\/nl\/#\/schema\/person\/76d8d86d5647cfd38d36c81fa7edcfec"},"headline":"Het hertogelijk paleis van Wolfenb\u00fcttel &#8211; prachtige kunstschatten in historische staatsievertrekken","datePublished":"2023-09-28T15:01:25+00:00","dateModified":"2025-02-17T06:57:59+00:00","mainEntityOfPage":{"@id":"https:\/\/9staedte.de\/nl\/het-hertogelijk-paleis-van-wolfenbuttel-prachtige-kunstschatten-in-historische-staatsievertrekken\/"},"wordCount":210,"publisher":{"@id":"https:\/\/9staedte.de\/nl\/#organization"},"image":{"@id":"https:\/\/9staedte.de\/nl\/het-hertogelijk-paleis-van-wolfenbuttel-prachtige-kunstschatten-in-historische-staatsievertrekken\/#primaryimage"},"thumbnailUrl":"https:\/\/9staedte.de\/wp-content\/uploads\/2022\/03\/Schloss-Wolfenbuettel-Fotograf-Christian-Bierwagen-Rechte-Stadt-Wolfenbuettel.jpg","articleSection":["Geen onderdeel van een categorie","Unkategorisiert"],"inLanguage":"nl-NL"},{"@type":"WebPage","@id":"https:\/\/9staedte.de\/nl\/het-hertogelijk-paleis-van-wolfenbuttel-prachtige-kunstschatten-in-historische-staatsievertrekken\/","url":"https:\/\/9staedte.de\/nl\/het-hertogelijk-paleis-van-wolfenbuttel-prachtige-kunstschatten-in-historische-staatsievertrekken\/","name":"Het hertogelijk paleis van Wolfenb\u00fcttel - prachtige kunstschatten in historische staatsievertrekken - 9 St\u00e4dte in Niedersachsen","isPartOf":{"@id":"https:\/\/9staedte.de\/nl\/#website"},"primaryImageOfPage":{"@id":"https:\/\/9staedte.de\/nl\/het-hertogelijk-paleis-van-wolfenbuttel-prachtige-kunstschatten-in-historische-staatsievertrekken\/#primaryimage"},"image":{"@id":"https:\/\/9staedte.de\/nl\/het-hertogelijk-paleis-van-wolfenbuttel-prachtige-kunstschatten-in-historische-staatsievertrekken\/#primaryimage"},"thumbnailUrl":"https:\/\/9staedte.de\/wp-content\/uploads\/2022\/03\/Schloss-Wolfenbuettel-Fotograf-Christian-Bierwagen-Rechte-Stadt-Wolfenbuettel.jpg","datePublished":"2023-09-28T15:01:25+00:00","dateModified":"2025-02-17T06:57:59+00:00","breadcrumb":{"@id":"https:\/\/9staedte.de\/nl\/het-hertogelijk-paleis-van-wolfenbuttel-prachtige-kunstschatten-in-historische-staatsievertrekken\/#breadcrumb"},"inLanguage":"nl-NL","potentialAction":[{"@type":"ReadAction","target":["https:\/\/9staedte.de\/nl\/het-hertogelijk-paleis-van-wolfenbuttel-prachtige-kunstschatten-in-historische-staatsievertrekken\/"]}]},{"@type":"ImageObject","inLanguage":"nl-NL","@id":"https:\/\/9staedte.de\/nl\/het-hertogelijk-paleis-van-wolfenbuttel-prachtige-kunstschatten-in-historische-staatsievertrekken\/#primaryimage","url":"https:\/\/9staedte.de\/wp-content\/uploads\/2022\/03\/Schloss-Wolfenbuettel-Fotograf-Christian-Bierwagen-Rechte-Stadt-Wolfenbuettel.jpg","contentUrl":"https:\/\/9staedte.de\/wp-content\/uploads\/2022\/03\/Schloss-Wolfenbuettel-Fotograf-Christian-Bierwagen-Rechte-Stadt-Wolfenbuettel.jpg","width":1019,"height":555,"caption":"Schloss Wolfenb\u00fcttel, Fotograf Christian Bierwagen, Rechte Stadt Wolfenb\u00fcttel"},{"@type":"BreadcrumbList","@id":"https:\/\/9staedte.de\/nl\/het-hertogelijk-paleis-van-wolfenbuttel-prachtige-kunstschatten-in-historische-staatsievertrekken\/#breadcrumb","itemListElement":[{"@type":"ListItem","position":1,"name":"Startseite","item":"https:\/\/9staedte.de\/nl\/"},{"@type":"ListItem","position":2,"name":"Het hertogelijk paleis van Wolfenb\u00fcttel &#8211; prachtige kunstschatten in historische staatsievertrekken"}]},{"@type":"WebSite","@id":"https:\/\/9staedte.de\/nl\/#website","url":"https:\/\/9staedte.de\/nl\/","name":"9 St\u00e4dte in Niedersachsen","description":"","publisher":{"@id":"https:\/\/9staedte.de\/nl\/#organization"},"potentialAction":[{"@type":"SearchAction","target":{"@type":"EntryPoint","urlTemplate":"https:\/\/9staedte.de\/nl\/?s={search_term_string}"},"query-input":{"@type":"PropertyValueSpecification","valueRequired":true,"valueName":"search_term_string"}}],"inLanguage":"nl-NL"},{"@type":"Organization","@id":"https:\/\/9staedte.de\/nl\/#organization","name":"9 St\u00e4dte in Niedersachsen","url":"https:\/\/9staedte.de\/nl\/","logo":{"@type":"ImageObject","inLanguage":"nl-NL","@id":"https:\/\/9staedte.de\/nl\/#\/schema\/logo\/image\/","url":"https:\/\/9staedte.de\/wp-content\/uploads\/2025\/01\/9-neg-deutsch-2-1.png","contentUrl":"https:\/\/9staedte.de\/wp-content\/uploads\/2025\/01\/9-neg-deutsch-2-1.png","width":190,"height":114,"caption":"9 St\u00e4dte in Niedersachsen"},"image":{"@id":"https:\/\/9staedte.de\/nl\/#\/schema\/logo\/image\/"}},{"@type":"Person","@id":"https:\/\/9staedte.de\/nl\/#\/schema\/person\/76d8d86d5647cfd38d36c81fa7edcfec","name":"Domanetzki","image":{"@type":"ImageObject","inLanguage":"nl-NL","@id":"https:\/\/secure.gravatar.com\/avatar\/8f498d6068a46406fdc8f1d2e673133f3dd519ece9f0baf51e555f77ead18b5d?s=96&d=mm&r=g","url":"https:\/\/secure.gravatar.com\/avatar\/8f498d6068a46406fdc8f1d2e673133f3dd519ece9f0baf51e555f77ead18b5d?s=96&d=mm&r=g","contentUrl":"https:\/\/secure.gravatar.com\/avatar\/8f498d6068a46406fdc8f1d2e673133f3dd519ece9f0baf51e555f77ead18b5d?s=96&d=mm&r=g","caption":"Domanetzki"},"sameAs":["https:\/\/9staedte.de"],"url":"https:\/\/9staedte.de\/nl\/author\/domanetzki\/"}]}},"_links":{"self":[{"href":"https:\/\/9staedte.de\/nl\/wp-json\/wp\/v2\/posts\/10077","targetHints":{"allow":["GET"]}}],"collection":[{"href":"https:\/\/9staedte.de\/nl\/wp-json\/wp\/v2\/posts"}],"about":[{"href":"https:\/\/9staedte.de\/nl\/wp-json\/wp\/v2\/types\/post"}],"author":[{"embeddable":true,"href":"https:\/\/9staedte.de\/nl\/wp-json\/wp\/v2\/users\/1"}],"replies":[{"embeddable":true,"href":"https:\/\/9staedte.de\/nl\/wp-json\/wp\/v2\/comments?post=10077"}],"version-history":[{"count":2,"href":"https:\/\/9staedte.de\/nl\/wp-json\/wp\/v2\/posts\/10077\/revisions"}],"predecessor-version":[{"id":24788,"href":"https:\/\/9staedte.de\/nl\/wp-json\/wp\/v2\/posts\/10077\/revisions\/24788"}],"wp:featuredmedia":[{"embeddable":true,"href":"https:\/\/9staedte.de\/nl\/wp-json\/wp\/v2\/media\/9363"}],"wp:attachment":[{"href":"https:\/\/9staedte.de\/nl\/wp-json\/wp\/v2\/media?parent=10077"}],"wp:term":[{"taxonomy":"category","embeddable":true,"href":"https:\/\/9staedte.de\/nl\/wp-json\/wp\/v2\/categories?post=10077"},{"taxonomy":"post_tag","embeddable":true,"href":"https:\/\/9staedte.de\/nl\/wp-json\/wp\/v2\/tags?post=10077"},{"taxonomy":"ncap_cities_tax","embeddable":true,"href":"https:\/\/9staedte.de\/nl\/wp-json\/wp\/v2\/ncap_cities_tax?post=10077"}],"curies":[{"name":"wp","href":"https:\/\/api.w.org\/{rel}","templated":true}]}}