{"id":21376,"date":"2024-03-01T16:40:13","date_gmt":"2024-03-01T15:40:13","guid":{"rendered":"https:\/\/9staedte.de\/?p=21376"},"modified":"2024-03-01T16:40:14","modified_gmt":"2024-03-01T15:40:14","slug":"communique-de-presse-40-ans-de-9-villes-en-basse-saxe","status":"publish","type":"post","link":"https:\/\/9staedte.de\/fr\/communique-de-presse-40-ans-de-9-villes-en-basse-saxe\/","title":{"rendered":"Communiqu\u00e9 de presse : 40 ans de 9 villes en Basse-Saxe"},"content":{"rendered":"\n<h2 class=\"wp-block-heading\">Un marketing commun \u00e0 l&rsquo;\u00e9tranger depuis 40 ans : Villes historiques &#8211; id\u00e9es fra\u00eeches<\/h2>\n\n\n\n<p><strong>Braunschweig, Celle, Einbeck, G\u00f6ttingen, Goslar, Hameln, Hanovre, Hildesheim et Wolfenb\u00fcttel f\u00eatent le 40e anniversaire de la coop\u00e9ration entre les villes \u00ab\u00a09 St\u00e4dte\u00a0\u00bb \u00e0 l&rsquo;ITB de cette ann\u00e9e. Cela signifie 40 ans de marketing international pour la Basse-Saxe.<\/strong><\/p>\n\n\n\n<p>40 ans de \u00ab\u00a09 villes\u00a0\u00bb, c&rsquo;est la visite de plus de 300 salons du voyage et \u00e9v\u00e9nements professionnels, l&rsquo;organisation de plus de 400 voyages de presse et de blogs ainsi que des FAM-Tripps pour les tour-op\u00e9rateurs et la publication de pr\u00e8s de 1.000 articles, publireportages et contributions de blog. Les \u00ab\u00a09 villes\u00a0\u00bb se consid\u00e8rent comme des ambassadeurs de la Basse-Saxe dans le monde.Hans Nolte, porte-parole de la coop\u00e9ration marketing et directeur de Hannover Marketing und Tourismus GmbH, explique : \u00ab\u00a0Nous avons connu diff\u00e9rents changements d&rsquo;\u00e9poque. Il est et a toujours \u00e9t\u00e9 important pour nous d&rsquo;int\u00e9grer les tendances actuelles.Ainsi, des th\u00e8mes comme la durabilit\u00e9 et la num\u00e9risation sont justement au c\u0153ur de nos activit\u00e9s\u00a0\u00bb. Le site web traduit en huit langues sur la base de l&rsquo;intelligence artificielle en est un exemple.<br>La coop\u00e9ration a \u00e9t\u00e9 fond\u00e9e il y a 40 ans, le 6 mars 1984, lors de la Bourse internationale du tourisme (ITB) \u00e0 Berlin, sous le nom de \u00ab\u00a0The Wonderful Nine &#8211; Historic cities in Northern Germany\u00a0\u00bb. La composition de la coop\u00e9ration n&rsquo;a que l\u00e9g\u00e8rement chang\u00e9 au fil des ann\u00e9es. Les \u00ab\u00a0+2\u00a0\u00bb, la ville automobile de Wolfsburg et l&rsquo;a\u00e9roport de Hanovre ont \u00e9t\u00e9 ajout\u00e9s en tant que partenaires strat\u00e9giques.<\/p>\n\n\n\n<p>Cette ann\u00e9e, \u00e0 l&rsquo;ITB, les \u00ab\u00a09 villes + 2 en Basse-Saxe\u00a0\u00bb se pr\u00e9senteront avec des boissons fra\u00eeches de leurs villes lors de la soir\u00e9e Basse-Saxe organis\u00e9e par le minist\u00e8re de l&rsquo;\u00c9conomie.<\/p>\n\n\n\n<p>Diff\u00e9rentes actions seront men\u00e9es en parall\u00e8le pour attirer l&rsquo;attention sur cet anniversaire.Ainsi, dans le cadre d&rsquo;un jeu-concours, les canaux de m\u00e9dias sociaux de la coop\u00e9ration invitent \u00e0 poster les plus beaux motifs des villes.<\/p>\n\n\n\n<p>La coop\u00e9ration marketing \u00ab\u00a09 villes + 2 en Basse-Saxe\u00a0\u00bb est surtout active en Scandinavie, dans les pays du Benelux ainsi qu&rsquo;en Autriche et en Suisse.Les activit\u00e9s de marketing sur les march\u00e9s cibles sont nombreuses : pr\u00e9sentation lors de manifestations professionnelles, coop\u00e9ration avec des tour-op\u00e9rateurs, publications dans des magazines de voyage, campagnes en ligne et sur les r\u00e9seaux sociaux.<\/p>\n\n\n\n<p>Contact pour la presse :Petra Sievers<\/p>\n\n\n\n<p>9 villes + 2 en Basse-Saxe<br>Hannover Marketing &amp; Tourismus GmbH<br>Vahrenwalder Stra\u00dfe 7<br>D &#8211; 30165 Hanovre<br>T\u00e9l. : 0511-16849746<br>Courrier \u00e9lectronique : petra.sievers@hannover-tourismus.de<br>www.9staedte.de<\/p>\n","protected":false},"excerpt":{"rendered":"<p>Un marketing commun \u00e0 l&rsquo;\u00e9tranger depuis 40 ans : Villes historiques &#8211; id\u00e9es fra\u00eeches Braunschweig, Celle, Einbeck, G\u00f6ttingen, Goslar, Hameln, Hanovre, Hildesheim et Wolfenb\u00fcttel f\u00eatent le 40e anniversaire de la coop\u00e9ration entre les villes \u00ab\u00a09 St\u00e4dte\u00a0\u00bb \u00e0 l&rsquo;ITB de cette ann\u00e9e. Cela signifie 40 ans de marketing international pour la Basse-Saxe. 40 ans de \u00ab\u00a09 [&hellip;]<\/p>\n","protected":false},"author":6,"featured_media":21298,"comment_status":"closed","ping_status":"closed","sticky":false,"template":"","format":"standard","meta":{"_acf_changed":false,"footnotes":""},"categories":[350],"tags":[],"ncap_cities_tax":[],"class_list":["post-21376","post","type-post","status-publish","format-standard","has-post-thumbnail","hentry","category-non-classifiee"],"acf":[],"yoast_head":"<!-- This site is optimized with the Yoast SEO plugin v27.4 - https:\/\/yoast.com\/product\/yoast-seo-wordpress\/ -->\n<title>Communiqu\u00e9 de presse : 40 ans de 9 villes en Basse-Saxe - 9 St\u00e4dte in Niedersachsen<\/title>\n<meta name=\"robots\" content=\"index, follow, max-snippet:-1, max-image-preview:large, max-video-preview:-1\" \/>\n<link rel=\"canonical\" href=\"https:\/\/9staedte.de\/fr\/communique-de-presse-40-ans-de-9-villes-en-basse-saxe\/\" \/>\n<meta property=\"og:locale\" content=\"fr_FR\" \/>\n<meta property=\"og:type\" content=\"article\" \/>\n<meta property=\"og:title\" content=\"Communiqu\u00e9 de presse : 40 ans de 9 villes en Basse-Saxe - 9 St\u00e4dte in Niedersachsen\" \/>\n<meta property=\"og:description\" content=\"Un marketing commun \u00e0 l&rsquo;\u00e9tranger depuis 40 ans : Villes historiques &#8211; id\u00e9es fra\u00eeches Braunschweig, Celle, Einbeck, G\u00f6ttingen, Goslar, Hameln, Hanovre, Hildesheim et Wolfenb\u00fcttel f\u00eatent le 40e anniversaire de la coop\u00e9ration entre les villes \u00ab\u00a09 St\u00e4dte\u00a0\u00bb \u00e0 l&rsquo;ITB de cette ann\u00e9e. Cela signifie 40 ans de marketing international pour la Basse-Saxe. 40 ans de \u00ab\u00a09 [&hellip;]\" \/>\n<meta property=\"og:url\" content=\"https:\/\/9staedte.de\/fr\/communique-de-presse-40-ans-de-9-villes-en-basse-saxe\/\" \/>\n<meta property=\"og:site_name\" content=\"9 St\u00e4dte in Niedersachsen\" \/>\n<meta property=\"article:published_time\" content=\"2024-03-01T15:40:13+00:00\" \/>\n<meta property=\"article:modified_time\" content=\"2024-03-01T15:40:14+00:00\" \/>\n<meta property=\"og:image\" content=\"https:\/\/9staedte.de\/wp-content\/uploads\/2024\/03\/40-Years-9-Cities-neg.eps_.jpg\" \/>\n\t<meta property=\"og:image:width\" content=\"1575\" \/>\n\t<meta property=\"og:image:height\" content=\"961\" \/>\n\t<meta property=\"og:image:type\" content=\"image\/jpeg\" \/>\n<meta name=\"author\" content=\"Sievers\" \/>\n<meta name=\"twitter:card\" content=\"summary_large_image\" \/>\n<meta name=\"twitter:label1\" content=\"\u00c9crit par\" \/>\n\t<meta name=\"twitter:data1\" content=\"Sievers\" \/>\n\t<meta name=\"twitter:label2\" content=\"Dur\u00e9e de lecture estim\u00e9e\" \/>\n\t<meta name=\"twitter:data2\" content=\"3 minutes\" \/>\n<script type=\"application\/ld+json\" class=\"yoast-schema-graph\">{\"@context\":\"https:\\\/\\\/schema.org\",\"@graph\":[{\"@type\":\"Article\",\"@id\":\"https:\\\/\\\/9staedte.de\\\/fr\\\/communique-de-presse-40-ans-de-9-villes-en-basse-saxe\\\/#article\",\"isPartOf\":{\"@id\":\"https:\\\/\\\/9staedte.de\\\/fr\\\/communique-de-presse-40-ans-de-9-villes-en-basse-saxe\\\/\"},\"author\":{\"name\":\"Sievers\",\"@id\":\"https:\\\/\\\/9staedte.de\\\/fr\\\/#\\\/schema\\\/person\\\/62c7e26774028d3df697794861a45be5\"},\"headline\":\"Communiqu\u00e9 de presse : 40 ans de 9 villes en Basse-Saxe\",\"datePublished\":\"2024-03-01T15:40:13+00:00\",\"dateModified\":\"2024-03-01T15:40:14+00:00\",\"mainEntityOfPage\":{\"@id\":\"https:\\\/\\\/9staedte.de\\\/fr\\\/communique-de-presse-40-ans-de-9-villes-en-basse-saxe\\\/\"},\"wordCount\":446,\"publisher\":{\"@id\":\"https:\\\/\\\/9staedte.de\\\/fr\\\/#organization\"},\"image\":{\"@id\":\"https:\\\/\\\/9staedte.de\\\/fr\\\/communique-de-presse-40-ans-de-9-villes-en-basse-saxe\\\/#primaryimage\"},\"thumbnailUrl\":\"https:\\\/\\\/9staedte.de\\\/wp-content\\\/uploads\\\/2024\\\/03\\\/40-Years-9-Cities-neg.eps_.jpg\",\"articleSection\":[\"Non classifi\u00e9(e)\"],\"inLanguage\":\"fr-FR\"},{\"@type\":\"WebPage\",\"@id\":\"https:\\\/\\\/9staedte.de\\\/fr\\\/communique-de-presse-40-ans-de-9-villes-en-basse-saxe\\\/\",\"url\":\"https:\\\/\\\/9staedte.de\\\/fr\\\/communique-de-presse-40-ans-de-9-villes-en-basse-saxe\\\/\",\"name\":\"Communiqu\u00e9 de presse : 40 ans de 9 villes en Basse-Saxe - 9 St\u00e4dte in Niedersachsen\",\"isPartOf\":{\"@id\":\"https:\\\/\\\/9staedte.de\\\/fr\\\/#website\"},\"primaryImageOfPage\":{\"@id\":\"https:\\\/\\\/9staedte.de\\\/fr\\\/communique-de-presse-40-ans-de-9-villes-en-basse-saxe\\\/#primaryimage\"},\"image\":{\"@id\":\"https:\\\/\\\/9staedte.de\\\/fr\\\/communique-de-presse-40-ans-de-9-villes-en-basse-saxe\\\/#primaryimage\"},\"thumbnailUrl\":\"https:\\\/\\\/9staedte.de\\\/wp-content\\\/uploads\\\/2024\\\/03\\\/40-Years-9-Cities-neg.eps_.jpg\",\"datePublished\":\"2024-03-01T15:40:13+00:00\",\"dateModified\":\"2024-03-01T15:40:14+00:00\",\"breadcrumb\":{\"@id\":\"https:\\\/\\\/9staedte.de\\\/fr\\\/communique-de-presse-40-ans-de-9-villes-en-basse-saxe\\\/#breadcrumb\"},\"inLanguage\":\"fr-FR\",\"potentialAction\":[{\"@type\":\"ReadAction\",\"target\":[\"https:\\\/\\\/9staedte.de\\\/fr\\\/communique-de-presse-40-ans-de-9-villes-en-basse-saxe\\\/\"]}]},{\"@type\":\"ImageObject\",\"inLanguage\":\"fr-FR\",\"@id\":\"https:\\\/\\\/9staedte.de\\\/fr\\\/communique-de-presse-40-ans-de-9-villes-en-basse-saxe\\\/#primaryimage\",\"url\":\"https:\\\/\\\/9staedte.de\\\/wp-content\\\/uploads\\\/2024\\\/03\\\/40-Years-9-Cities-neg.eps_.jpg\",\"contentUrl\":\"https:\\\/\\\/9staedte.de\\\/wp-content\\\/uploads\\\/2024\\\/03\\\/40-Years-9-Cities-neg.eps_.jpg\",\"width\":1575,\"height\":961},{\"@type\":\"BreadcrumbList\",\"@id\":\"https:\\\/\\\/9staedte.de\\\/fr\\\/communique-de-presse-40-ans-de-9-villes-en-basse-saxe\\\/#breadcrumb\",\"itemListElement\":[{\"@type\":\"ListItem\",\"position\":1,\"name\":\"Startseite\",\"item\":\"https:\\\/\\\/9staedte.de\\\/fr\\\/\"},{\"@type\":\"ListItem\",\"position\":2,\"name\":\"Communiqu\u00e9 de presse : 40 ans de 9 villes en Basse-Saxe\"}]},{\"@type\":\"WebSite\",\"@id\":\"https:\\\/\\\/9staedte.de\\\/fr\\\/#website\",\"url\":\"https:\\\/\\\/9staedte.de\\\/fr\\\/\",\"name\":\"9 St\u00e4dte in Niedersachsen\",\"description\":\"\",\"publisher\":{\"@id\":\"https:\\\/\\\/9staedte.de\\\/fr\\\/#organization\"},\"potentialAction\":[{\"@type\":\"SearchAction\",\"target\":{\"@type\":\"EntryPoint\",\"urlTemplate\":\"https:\\\/\\\/9staedte.de\\\/fr\\\/?s={search_term_string}\"},\"query-input\":{\"@type\":\"PropertyValueSpecification\",\"valueRequired\":true,\"valueName\":\"search_term_string\"}}],\"inLanguage\":\"fr-FR\"},{\"@type\":\"Organization\",\"@id\":\"https:\\\/\\\/9staedte.de\\\/fr\\\/#organization\",\"name\":\"9 St\u00e4dte in Niedersachsen\",\"url\":\"https:\\\/\\\/9staedte.de\\\/fr\\\/\",\"logo\":{\"@type\":\"ImageObject\",\"inLanguage\":\"fr-FR\",\"@id\":\"https:\\\/\\\/9staedte.de\\\/fr\\\/#\\\/schema\\\/logo\\\/image\\\/\",\"url\":\"https:\\\/\\\/9staedte.de\\\/wp-content\\\/uploads\\\/2025\\\/01\\\/9-neg-deutsch-2-1.png\",\"contentUrl\":\"https:\\\/\\\/9staedte.de\\\/wp-content\\\/uploads\\\/2025\\\/01\\\/9-neg-deutsch-2-1.png\",\"width\":190,\"height\":114,\"caption\":\"9 St\u00e4dte in Niedersachsen\"},\"image\":{\"@id\":\"https:\\\/\\\/9staedte.de\\\/fr\\\/#\\\/schema\\\/logo\\\/image\\\/\"}},{\"@type\":\"Person\",\"@id\":\"https:\\\/\\\/9staedte.de\\\/fr\\\/#\\\/schema\\\/person\\\/62c7e26774028d3df697794861a45be5\",\"name\":\"Sievers\",\"image\":{\"@type\":\"ImageObject\",\"inLanguage\":\"fr-FR\",\"@id\":\"https:\\\/\\\/secure.gravatar.com\\\/avatar\\\/e73811de454f99d79a27402331a08410bb340b57cc321631a731ca71b1531f65?s=96&d=mm&r=g\",\"url\":\"https:\\\/\\\/secure.gravatar.com\\\/avatar\\\/e73811de454f99d79a27402331a08410bb340b57cc321631a731ca71b1531f65?s=96&d=mm&r=g\",\"contentUrl\":\"https:\\\/\\\/secure.gravatar.com\\\/avatar\\\/e73811de454f99d79a27402331a08410bb340b57cc321631a731ca71b1531f65?s=96&d=mm&r=g\",\"caption\":\"Sievers\"},\"url\":\"https:\\\/\\\/9staedte.de\\\/fr\\\/author\\\/sievers\\\/\"}]}<\/script>\n<!-- \/ Yoast SEO plugin. -->","yoast_head_json":{"title":"Communiqu\u00e9 de presse : 40 ans de 9 villes en Basse-Saxe - 9 St\u00e4dte in Niedersachsen","robots":{"index":"index","follow":"follow","max-snippet":"max-snippet:-1","max-image-preview":"max-image-preview:large","max-video-preview":"max-video-preview:-1"},"canonical":"https:\/\/9staedte.de\/fr\/communique-de-presse-40-ans-de-9-villes-en-basse-saxe\/","og_locale":"fr_FR","og_type":"article","og_title":"Communiqu\u00e9 de presse : 40 ans de 9 villes en Basse-Saxe - 9 St\u00e4dte in Niedersachsen","og_description":"Un marketing commun \u00e0 l&rsquo;\u00e9tranger depuis 40 ans : Villes historiques &#8211; id\u00e9es fra\u00eeches Braunschweig, Celle, Einbeck, G\u00f6ttingen, Goslar, Hameln, Hanovre, Hildesheim et Wolfenb\u00fcttel f\u00eatent le 40e anniversaire de la coop\u00e9ration entre les villes \u00ab\u00a09 St\u00e4dte\u00a0\u00bb \u00e0 l&rsquo;ITB de cette ann\u00e9e. Cela signifie 40 ans de marketing international pour la Basse-Saxe. 40 ans de \u00ab\u00a09 [&hellip;]","og_url":"https:\/\/9staedte.de\/fr\/communique-de-presse-40-ans-de-9-villes-en-basse-saxe\/","og_site_name":"9 St\u00e4dte in Niedersachsen","article_published_time":"2024-03-01T15:40:13+00:00","article_modified_time":"2024-03-01T15:40:14+00:00","og_image":[{"width":1575,"height":961,"url":"https:\/\/9staedte.de\/wp-content\/uploads\/2024\/03\/40-Years-9-Cities-neg.eps_.jpg","type":"image\/jpeg"}],"author":"Sievers","twitter_card":"summary_large_image","twitter_misc":{"\u00c9crit par":"Sievers","Dur\u00e9e de lecture estim\u00e9e":"3 minutes"},"schema":{"@context":"https:\/\/schema.org","@graph":[{"@type":"Article","@id":"https:\/\/9staedte.de\/fr\/communique-de-presse-40-ans-de-9-villes-en-basse-saxe\/#article","isPartOf":{"@id":"https:\/\/9staedte.de\/fr\/communique-de-presse-40-ans-de-9-villes-en-basse-saxe\/"},"author":{"name":"Sievers","@id":"https:\/\/9staedte.de\/fr\/#\/schema\/person\/62c7e26774028d3df697794861a45be5"},"headline":"Communiqu\u00e9 de presse : 40 ans de 9 villes en Basse-Saxe","datePublished":"2024-03-01T15:40:13+00:00","dateModified":"2024-03-01T15:40:14+00:00","mainEntityOfPage":{"@id":"https:\/\/9staedte.de\/fr\/communique-de-presse-40-ans-de-9-villes-en-basse-saxe\/"},"wordCount":446,"publisher":{"@id":"https:\/\/9staedte.de\/fr\/#organization"},"image":{"@id":"https:\/\/9staedte.de\/fr\/communique-de-presse-40-ans-de-9-villes-en-basse-saxe\/#primaryimage"},"thumbnailUrl":"https:\/\/9staedte.de\/wp-content\/uploads\/2024\/03\/40-Years-9-Cities-neg.eps_.jpg","articleSection":["Non classifi\u00e9(e)"],"inLanguage":"fr-FR"},{"@type":"WebPage","@id":"https:\/\/9staedte.de\/fr\/communique-de-presse-40-ans-de-9-villes-en-basse-saxe\/","url":"https:\/\/9staedte.de\/fr\/communique-de-presse-40-ans-de-9-villes-en-basse-saxe\/","name":"Communiqu\u00e9 de presse : 40 ans de 9 villes en Basse-Saxe - 9 St\u00e4dte in Niedersachsen","isPartOf":{"@id":"https:\/\/9staedte.de\/fr\/#website"},"primaryImageOfPage":{"@id":"https:\/\/9staedte.de\/fr\/communique-de-presse-40-ans-de-9-villes-en-basse-saxe\/#primaryimage"},"image":{"@id":"https:\/\/9staedte.de\/fr\/communique-de-presse-40-ans-de-9-villes-en-basse-saxe\/#primaryimage"},"thumbnailUrl":"https:\/\/9staedte.de\/wp-content\/uploads\/2024\/03\/40-Years-9-Cities-neg.eps_.jpg","datePublished":"2024-03-01T15:40:13+00:00","dateModified":"2024-03-01T15:40:14+00:00","breadcrumb":{"@id":"https:\/\/9staedte.de\/fr\/communique-de-presse-40-ans-de-9-villes-en-basse-saxe\/#breadcrumb"},"inLanguage":"fr-FR","potentialAction":[{"@type":"ReadAction","target":["https:\/\/9staedte.de\/fr\/communique-de-presse-40-ans-de-9-villes-en-basse-saxe\/"]}]},{"@type":"ImageObject","inLanguage":"fr-FR","@id":"https:\/\/9staedte.de\/fr\/communique-de-presse-40-ans-de-9-villes-en-basse-saxe\/#primaryimage","url":"https:\/\/9staedte.de\/wp-content\/uploads\/2024\/03\/40-Years-9-Cities-neg.eps_.jpg","contentUrl":"https:\/\/9staedte.de\/wp-content\/uploads\/2024\/03\/40-Years-9-Cities-neg.eps_.jpg","width":1575,"height":961},{"@type":"BreadcrumbList","@id":"https:\/\/9staedte.de\/fr\/communique-de-presse-40-ans-de-9-villes-en-basse-saxe\/#breadcrumb","itemListElement":[{"@type":"ListItem","position":1,"name":"Startseite","item":"https:\/\/9staedte.de\/fr\/"},{"@type":"ListItem","position":2,"name":"Communiqu\u00e9 de presse : 40 ans de 9 villes en Basse-Saxe"}]},{"@type":"WebSite","@id":"https:\/\/9staedte.de\/fr\/#website","url":"https:\/\/9staedte.de\/fr\/","name":"9 St\u00e4dte in Niedersachsen","description":"","publisher":{"@id":"https:\/\/9staedte.de\/fr\/#organization"},"potentialAction":[{"@type":"SearchAction","target":{"@type":"EntryPoint","urlTemplate":"https:\/\/9staedte.de\/fr\/?s={search_term_string}"},"query-input":{"@type":"PropertyValueSpecification","valueRequired":true,"valueName":"search_term_string"}}],"inLanguage":"fr-FR"},{"@type":"Organization","@id":"https:\/\/9staedte.de\/fr\/#organization","name":"9 St\u00e4dte in Niedersachsen","url":"https:\/\/9staedte.de\/fr\/","logo":{"@type":"ImageObject","inLanguage":"fr-FR","@id":"https:\/\/9staedte.de\/fr\/#\/schema\/logo\/image\/","url":"https:\/\/9staedte.de\/wp-content\/uploads\/2025\/01\/9-neg-deutsch-2-1.png","contentUrl":"https:\/\/9staedte.de\/wp-content\/uploads\/2025\/01\/9-neg-deutsch-2-1.png","width":190,"height":114,"caption":"9 St\u00e4dte in Niedersachsen"},"image":{"@id":"https:\/\/9staedte.de\/fr\/#\/schema\/logo\/image\/"}},{"@type":"Person","@id":"https:\/\/9staedte.de\/fr\/#\/schema\/person\/62c7e26774028d3df697794861a45be5","name":"Sievers","image":{"@type":"ImageObject","inLanguage":"fr-FR","@id":"https:\/\/secure.gravatar.com\/avatar\/e73811de454f99d79a27402331a08410bb340b57cc321631a731ca71b1531f65?s=96&d=mm&r=g","url":"https:\/\/secure.gravatar.com\/avatar\/e73811de454f99d79a27402331a08410bb340b57cc321631a731ca71b1531f65?s=96&d=mm&r=g","contentUrl":"https:\/\/secure.gravatar.com\/avatar\/e73811de454f99d79a27402331a08410bb340b57cc321631a731ca71b1531f65?s=96&d=mm&r=g","caption":"Sievers"},"url":"https:\/\/9staedte.de\/fr\/author\/sievers\/"}]}},"_links":{"self":[{"href":"https:\/\/9staedte.de\/fr\/wp-json\/wp\/v2\/posts\/21376","targetHints":{"allow":["GET"]}}],"collection":[{"href":"https:\/\/9staedte.de\/fr\/wp-json\/wp\/v2\/posts"}],"about":[{"href":"https:\/\/9staedte.de\/fr\/wp-json\/wp\/v2\/types\/post"}],"author":[{"embeddable":true,"href":"https:\/\/9staedte.de\/fr\/wp-json\/wp\/v2\/users\/6"}],"replies":[{"embeddable":true,"href":"https:\/\/9staedte.de\/fr\/wp-json\/wp\/v2\/comments?post=21376"}],"version-history":[{"count":1,"href":"https:\/\/9staedte.de\/fr\/wp-json\/wp\/v2\/posts\/21376\/revisions"}],"predecessor-version":[{"id":21377,"href":"https:\/\/9staedte.de\/fr\/wp-json\/wp\/v2\/posts\/21376\/revisions\/21377"}],"wp:featuredmedia":[{"embeddable":true,"href":"https:\/\/9staedte.de\/fr\/wp-json\/wp\/v2\/media\/21298"}],"wp:attachment":[{"href":"https:\/\/9staedte.de\/fr\/wp-json\/wp\/v2\/media?parent=21376"}],"wp:term":[{"taxonomy":"category","embeddable":true,"href":"https:\/\/9staedte.de\/fr\/wp-json\/wp\/v2\/categories?post=21376"},{"taxonomy":"post_tag","embeddable":true,"href":"https:\/\/9staedte.de\/fr\/wp-json\/wp\/v2\/tags?post=21376"},{"taxonomy":"ncap_cities_tax","embeddable":true,"href":"https:\/\/9staedte.de\/fr\/wp-json\/wp\/v2\/ncap_cities_tax?post=21376"}],"curies":[{"name":"wp","href":"https:\/\/api.w.org\/{rel}","templated":true}]}}