{"id":16617,"date":"2023-11-02T09:42:48","date_gmt":"2023-11-02T08:42:48","guid":{"rendered":"https:\/\/9staedte.de\/le-chateau-ducal-de-celle-le-plus-ancien-batiment-de-la-ville\/"},"modified":"2023-11-02T09:42:48","modified_gmt":"2023-11-02T08:42:48","slug":"le-chateau-ducal-de-celle-le-plus-ancien-batiment-de-la-ville","status":"publish","type":"post","link":"https:\/\/9staedte.de\/fr\/le-chateau-ducal-de-celle-le-plus-ancien-batiment-de-la-ville\/","title":{"rendered":"Le ch\u00e2teau ducal de Celle &#8211; le plus ancien b\u00e2timent de la ville"},"content":{"rendered":"\n<h3 class=\"wp-block-heading\">Le ch\u00e2teau ducal de Celle invite<\/h3>\n\n\n\n<p>Le plus ancien b\u00e2timent est le ch\u00e2teau ducal de Celle. Mentionn\u00e9 pour la premi\u00e8re fois en 1318 sous le nom de \u00ab\u00a0castrum\u00a0\u00bb, il date, dans ses parties les plus anciennes, de la deuxi\u00e8me moiti\u00e9 du 13e si\u00e8cle. Au fil du temps, le ch\u00e2teau, simple au d\u00e9part, a \u00e9t\u00e9 transform\u00e9 et agrandi pour devenir un complexe \u00e0 quatre ailes.&nbsp;La Renaissance et le baroque forment un m\u00e9lange unique.&nbsp;  L&rsquo;aile est du ch\u00e2teau abrite le mus\u00e9e de la R\u00e9sidence.&nbsp;  Le ch\u00e2teau abrite le plus ancien th\u00e9\u00e2tre baroque d&rsquo;Allemagne, encore en activit\u00e9 aujourd&rsquo;hui, ainsi que la chapelle du ch\u00e2teau, le seul lieu de culte au nord des Alpes dont l&rsquo;am\u00e9nagement Renaissance est enti\u00e8rement conserv\u00e9.&nbsp;  En outre, dans le cadre d&rsquo;une visite guid\u00e9e du ch\u00e2teau&nbsp;, le visiteur ne devrait pas manquer le mus\u00e9e de la R\u00e9sidence, situ\u00e9 dans les appartements ducaux de l&rsquo;\u00e9poque, les appartements d&rsquo;\u00c9tat baroques et la cuisine du ch\u00e2teau.<\/p>\n\n\n\n<p><a href=\"https:\/\/www.celle.de\/Tourismus\/Schloss-Celle\/\">Plus d&rsquo;informations<\/a><\/p>\n\n\n\n<div style=\"height:27px\" aria-hidden=\"true\" class=\"wp-block-spacer\"><\/div>\n\n\n\n<div class=\"wp-block-columns is-layout-flex wp-container-core-columns-is-layout-9d6595d7 wp-block-columns-is-layout-flex\">\n<div class=\"wp-block-column is-vertically-aligned-center is-layout-flow wp-block-column-is-layout-flow\">\n <div class=\"brlbs-cmpnt-container brlbs-cmpnt-content-blocker brlbs-cmpnt-with-individual-styles\" data-borlabs-cookie-content-blocker-id=\"google-maps\" data-borlabs-cookie-content=\"PGlmcmFtZSBzcmM9Imh0dHBzOi8vd3d3Lmdvb2dsZS5jb20vbWFwcy9lbWJlZD9wYj0hMW0xOCExbTEyITFtMyExZDI0MjEuOTk5NDc5MDI4MDM2ITJkMTAuMDc1MjI3Nzc2ODk2MSEzZDUyLjYyMzg1MzUyODUzNTExNSEybTMhMWYwITJmMCEzZjAhM20yITFpMTAyNCEyaTc2OCE0ZjEzLjEhM20zITFtMiExczB4NDdiMDIyYWNlYzI1NTA4ZiUzQTB4ZDMwN2NlMmIzNGFhMmIxNSEyc0NlbGxlciUyMFNjaGxvc3MhNWUwITNtMiExc2RlITJzZGUhNHYxNjkyMjY1MDYyNjA3ITVtMiExc2RlITJzZGUiIHdpZHRoPSI0MDAiIGhlaWdodD0iMzAwIiBzdHlsZT0iYm9yZGVyOjA7IiBhbGxvd2Z1bGxzY3JlZW49IiIgbG9hZGluZz0ibGF6eSIgcmVmZXJyZXJwb2xpY3k9Im5vLXJlZmVycmVyLXdoZW4tZG93bmdyYWRlIj48L2lmcmFtZT4=\"><div class=\"brlbs-cmpnt-cb-preset-b brlbs-cmpnt-cb-google-maps\"> <div class=\"brlbs-cmpnt-cb-thumbnail\" style=\"background-image: url('https:\/\/9staedte.de\/wp-content\/uploads\/borlabs-cookie\/1\/brlbs-cb-google-maps-main.png')\"><\/div> <div class=\"brlbs-cmpnt-cb-main\"> <div class=\"brlbs-cmpnt-cb-content\"> <p class=\"brlbs-cmpnt-cb-description\">Vous \u00eates actuellement en train de consulter le contenu d&rsquo;un espace r\u00e9serv\u00e9 de <strong>Google Maps<\/strong>. Pour acc\u00e9der au contenu r\u00e9el, cliquez sur le bouton ci-dessous. Veuillez noter que ce faisant, des donn\u00e9es seront partag\u00e9es avec des providers tiers.<\/p> <a class=\"brlbs-cmpnt-cb-provider-toggle\" href=\"#\" data-borlabs-cookie-show-provider-information role=\"button\">Plus d&rsquo;informations<\/a> <\/div> <div class=\"brlbs-cmpnt-cb-buttons\"> <a class=\"brlbs-cmpnt-cb-btn\" href=\"#\" data-borlabs-cookie-unblock role=\"button\">D\u00e9bloquer le contenu<\/a> <a class=\"brlbs-cmpnt-cb-btn\" href=\"#\" data-borlabs-cookie-accept-service role=\"button\" style=\"display: inherit\">Accepter le service requis et d\u00e9bloquer le contenu<\/a> <\/div> <\/div> <\/div><\/div>\n<\/div>\n<\/div>\n","protected":false},"excerpt":{"rendered":"<p>Le ch\u00e2teau ducal de Celle invite Le plus ancien b\u00e2timent est le ch\u00e2teau ducal de Celle. Mentionn\u00e9 pour la premi\u00e8re fois en 1318 sous le nom de \u00ab\u00a0castrum\u00a0\u00bb, il date, dans ses parties les plus anciennes, de la deuxi\u00e8me moiti\u00e9 du 13e si\u00e8cle. Au fil du temps, le ch\u00e2teau, simple au d\u00e9part, a \u00e9t\u00e9 transform\u00e9 [&hellip;]<\/p>\n","protected":false},"author":1,"featured_media":16623,"comment_status":"closed","ping_status":"closed","sticky":false,"template":"","format":"standard","meta":{"_acf_changed":false,"footnotes":""},"categories":[350],"tags":[],"ncap_cities_tax":[429,711],"class_list":["post-16617","post","type-post","status-publish","format-standard","has-post-thumbnail","hentry","category-non-classifiee","ncap_cities_tax-celle-fr","ncap_cities_tax-schlosser-und-garten-celle-fr"],"acf":[],"yoast_head":"<!-- This site is optimized with the Yoast SEO plugin v27.4 - https:\/\/yoast.com\/product\/yoast-seo-wordpress\/ -->\n<title>Le ch\u00e2teau ducal de Celle - le plus ancien b\u00e2timent de la ville - 9 St\u00e4dte in Niedersachsen<\/title>\n<meta name=\"robots\" content=\"index, follow, max-snippet:-1, max-image-preview:large, max-video-preview:-1\" \/>\n<link rel=\"canonical\" href=\"https:\/\/9staedte.de\/fr\/le-chateau-ducal-de-celle-le-plus-ancien-batiment-de-la-ville\/\" \/>\n<meta property=\"og:locale\" content=\"fr_FR\" \/>\n<meta property=\"og:type\" content=\"article\" \/>\n<meta property=\"og:title\" content=\"Le ch\u00e2teau ducal de Celle - le plus ancien b\u00e2timent de la ville - 9 St\u00e4dte in Niedersachsen\" \/>\n<meta property=\"og:description\" content=\"Le ch\u00e2teau ducal de Celle invite Le plus ancien b\u00e2timent est le ch\u00e2teau ducal de Celle. Mentionn\u00e9 pour la premi\u00e8re fois en 1318 sous le nom de \u00ab\u00a0castrum\u00a0\u00bb, il date, dans ses parties les plus anciennes, de la deuxi\u00e8me moiti\u00e9 du 13e si\u00e8cle. Au fil du temps, le ch\u00e2teau, simple au d\u00e9part, a \u00e9t\u00e9 transform\u00e9 [&hellip;]\" \/>\n<meta property=\"og:url\" content=\"https:\/\/9staedte.de\/fr\/le-chateau-ducal-de-celle-le-plus-ancien-batiment-de-la-ville\/\" \/>\n<meta property=\"og:site_name\" content=\"9 St\u00e4dte in Niedersachsen\" \/>\n<meta property=\"article:published_time\" content=\"2023-11-02T08:42:48+00:00\" \/>\n<meta property=\"og:image\" content=\"https:\/\/9staedte.de\/wp-content\/uploads\/2022\/03\/Celle_Schloss-c-Martin-Kirchner.jpg\" \/>\n\t<meta property=\"og:image:width\" content=\"1020\" \/>\n\t<meta property=\"og:image:height\" content=\"559\" \/>\n\t<meta property=\"og:image:type\" content=\"image\/jpeg\" \/>\n<meta name=\"author\" content=\"Domanetzki\" \/>\n<meta name=\"twitter:card\" content=\"summary_large_image\" \/>\n<meta name=\"twitter:label1\" content=\"\u00c9crit par\" \/>\n\t<meta name=\"twitter:data1\" content=\"Domanetzki\" \/>\n\t<meta name=\"twitter:label2\" content=\"Dur\u00e9e de lecture estim\u00e9e\" \/>\n\t<meta name=\"twitter:data2\" content=\"1 minute\" \/>\n<script type=\"application\/ld+json\" class=\"yoast-schema-graph\">{\"@context\":\"https:\\\/\\\/schema.org\",\"@graph\":[{\"@type\":\"Article\",\"@id\":\"https:\\\/\\\/9staedte.de\\\/fr\\\/le-chateau-ducal-de-celle-le-plus-ancien-batiment-de-la-ville\\\/#article\",\"isPartOf\":{\"@id\":\"https:\\\/\\\/9staedte.de\\\/fr\\\/le-chateau-ducal-de-celle-le-plus-ancien-batiment-de-la-ville\\\/\"},\"author\":{\"name\":\"Domanetzki\",\"@id\":\"https:\\\/\\\/9staedte.de\\\/fr\\\/#\\\/schema\\\/person\\\/76d8d86d5647cfd38d36c81fa7edcfec\"},\"headline\":\"Le ch\u00e2teau ducal de Celle &#8211; le plus ancien b\u00e2timent de la ville\",\"datePublished\":\"2023-11-02T08:42:48+00:00\",\"mainEntityOfPage\":{\"@id\":\"https:\\\/\\\/9staedte.de\\\/fr\\\/le-chateau-ducal-de-celle-le-plus-ancien-batiment-de-la-ville\\\/\"},\"wordCount\":204,\"publisher\":{\"@id\":\"https:\\\/\\\/9staedte.de\\\/fr\\\/#organization\"},\"image\":{\"@id\":\"https:\\\/\\\/9staedte.de\\\/fr\\\/le-chateau-ducal-de-celle-le-plus-ancien-batiment-de-la-ville\\\/#primaryimage\"},\"thumbnailUrl\":\"https:\\\/\\\/9staedte.de\\\/wp-content\\\/uploads\\\/2022\\\/03\\\/Celle_Schloss-c-Martin-Kirchner.jpg\",\"articleSection\":[\"Non classifi\u00e9(e)\"],\"inLanguage\":\"fr-FR\"},{\"@type\":\"WebPage\",\"@id\":\"https:\\\/\\\/9staedte.de\\\/fr\\\/le-chateau-ducal-de-celle-le-plus-ancien-batiment-de-la-ville\\\/\",\"url\":\"https:\\\/\\\/9staedte.de\\\/fr\\\/le-chateau-ducal-de-celle-le-plus-ancien-batiment-de-la-ville\\\/\",\"name\":\"Le ch\u00e2teau ducal de Celle - le plus ancien b\u00e2timent de la ville - 9 St\u00e4dte in Niedersachsen\",\"isPartOf\":{\"@id\":\"https:\\\/\\\/9staedte.de\\\/fr\\\/#website\"},\"primaryImageOfPage\":{\"@id\":\"https:\\\/\\\/9staedte.de\\\/fr\\\/le-chateau-ducal-de-celle-le-plus-ancien-batiment-de-la-ville\\\/#primaryimage\"},\"image\":{\"@id\":\"https:\\\/\\\/9staedte.de\\\/fr\\\/le-chateau-ducal-de-celle-le-plus-ancien-batiment-de-la-ville\\\/#primaryimage\"},\"thumbnailUrl\":\"https:\\\/\\\/9staedte.de\\\/wp-content\\\/uploads\\\/2022\\\/03\\\/Celle_Schloss-c-Martin-Kirchner.jpg\",\"datePublished\":\"2023-11-02T08:42:48+00:00\",\"breadcrumb\":{\"@id\":\"https:\\\/\\\/9staedte.de\\\/fr\\\/le-chateau-ducal-de-celle-le-plus-ancien-batiment-de-la-ville\\\/#breadcrumb\"},\"inLanguage\":\"fr-FR\",\"potentialAction\":[{\"@type\":\"ReadAction\",\"target\":[\"https:\\\/\\\/9staedte.de\\\/fr\\\/le-chateau-ducal-de-celle-le-plus-ancien-batiment-de-la-ville\\\/\"]}]},{\"@type\":\"ImageObject\",\"inLanguage\":\"fr-FR\",\"@id\":\"https:\\\/\\\/9staedte.de\\\/fr\\\/le-chateau-ducal-de-celle-le-plus-ancien-batiment-de-la-ville\\\/#primaryimage\",\"url\":\"https:\\\/\\\/9staedte.de\\\/wp-content\\\/uploads\\\/2022\\\/03\\\/Celle_Schloss-c-Martin-Kirchner.jpg\",\"contentUrl\":\"https:\\\/\\\/9staedte.de\\\/wp-content\\\/uploads\\\/2022\\\/03\\\/Celle_Schloss-c-Martin-Kirchner.jpg\",\"width\":1020,\"height\":559,\"caption\":\"Celle, Schloss, Schlosspark c) Martin Kirchner\"},{\"@type\":\"BreadcrumbList\",\"@id\":\"https:\\\/\\\/9staedte.de\\\/fr\\\/le-chateau-ducal-de-celle-le-plus-ancien-batiment-de-la-ville\\\/#breadcrumb\",\"itemListElement\":[{\"@type\":\"ListItem\",\"position\":1,\"name\":\"Startseite\",\"item\":\"https:\\\/\\\/9staedte.de\\\/fr\\\/\"},{\"@type\":\"ListItem\",\"position\":2,\"name\":\"Le ch\u00e2teau ducal de Celle &#8211; le plus ancien b\u00e2timent de la ville\"}]},{\"@type\":\"WebSite\",\"@id\":\"https:\\\/\\\/9staedte.de\\\/fr\\\/#website\",\"url\":\"https:\\\/\\\/9staedte.de\\\/fr\\\/\",\"name\":\"9 St\u00e4dte in Niedersachsen\",\"description\":\"\",\"publisher\":{\"@id\":\"https:\\\/\\\/9staedte.de\\\/fr\\\/#organization\"},\"potentialAction\":[{\"@type\":\"SearchAction\",\"target\":{\"@type\":\"EntryPoint\",\"urlTemplate\":\"https:\\\/\\\/9staedte.de\\\/fr\\\/?s={search_term_string}\"},\"query-input\":{\"@type\":\"PropertyValueSpecification\",\"valueRequired\":true,\"valueName\":\"search_term_string\"}}],\"inLanguage\":\"fr-FR\"},{\"@type\":\"Organization\",\"@id\":\"https:\\\/\\\/9staedte.de\\\/fr\\\/#organization\",\"name\":\"9 St\u00e4dte in Niedersachsen\",\"url\":\"https:\\\/\\\/9staedte.de\\\/fr\\\/\",\"logo\":{\"@type\":\"ImageObject\",\"inLanguage\":\"fr-FR\",\"@id\":\"https:\\\/\\\/9staedte.de\\\/fr\\\/#\\\/schema\\\/logo\\\/image\\\/\",\"url\":\"https:\\\/\\\/9staedte.de\\\/wp-content\\\/uploads\\\/2025\\\/01\\\/9-neg-deutsch-2-1.png\",\"contentUrl\":\"https:\\\/\\\/9staedte.de\\\/wp-content\\\/uploads\\\/2025\\\/01\\\/9-neg-deutsch-2-1.png\",\"width\":190,\"height\":114,\"caption\":\"9 St\u00e4dte in Niedersachsen\"},\"image\":{\"@id\":\"https:\\\/\\\/9staedte.de\\\/fr\\\/#\\\/schema\\\/logo\\\/image\\\/\"}},{\"@type\":\"Person\",\"@id\":\"https:\\\/\\\/9staedte.de\\\/fr\\\/#\\\/schema\\\/person\\\/76d8d86d5647cfd38d36c81fa7edcfec\",\"name\":\"Domanetzki\",\"image\":{\"@type\":\"ImageObject\",\"inLanguage\":\"fr-FR\",\"@id\":\"https:\\\/\\\/secure.gravatar.com\\\/avatar\\\/8f498d6068a46406fdc8f1d2e673133f3dd519ece9f0baf51e555f77ead18b5d?s=96&d=mm&r=g\",\"url\":\"https:\\\/\\\/secure.gravatar.com\\\/avatar\\\/8f498d6068a46406fdc8f1d2e673133f3dd519ece9f0baf51e555f77ead18b5d?s=96&d=mm&r=g\",\"contentUrl\":\"https:\\\/\\\/secure.gravatar.com\\\/avatar\\\/8f498d6068a46406fdc8f1d2e673133f3dd519ece9f0baf51e555f77ead18b5d?s=96&d=mm&r=g\",\"caption\":\"Domanetzki\"},\"sameAs\":[\"https:\\\/\\\/9staedte.de\"],\"url\":\"https:\\\/\\\/9staedte.de\\\/fr\\\/author\\\/domanetzki\\\/\"}]}<\/script>\n<!-- \/ Yoast SEO plugin. -->","yoast_head_json":{"title":"Le ch\u00e2teau ducal de Celle - le plus ancien b\u00e2timent de la ville - 9 St\u00e4dte in Niedersachsen","robots":{"index":"index","follow":"follow","max-snippet":"max-snippet:-1","max-image-preview":"max-image-preview:large","max-video-preview":"max-video-preview:-1"},"canonical":"https:\/\/9staedte.de\/fr\/le-chateau-ducal-de-celle-le-plus-ancien-batiment-de-la-ville\/","og_locale":"fr_FR","og_type":"article","og_title":"Le ch\u00e2teau ducal de Celle - le plus ancien b\u00e2timent de la ville - 9 St\u00e4dte in Niedersachsen","og_description":"Le ch\u00e2teau ducal de Celle invite Le plus ancien b\u00e2timent est le ch\u00e2teau ducal de Celle. Mentionn\u00e9 pour la premi\u00e8re fois en 1318 sous le nom de \u00ab\u00a0castrum\u00a0\u00bb, il date, dans ses parties les plus anciennes, de la deuxi\u00e8me moiti\u00e9 du 13e si\u00e8cle. Au fil du temps, le ch\u00e2teau, simple au d\u00e9part, a \u00e9t\u00e9 transform\u00e9 [&hellip;]","og_url":"https:\/\/9staedte.de\/fr\/le-chateau-ducal-de-celle-le-plus-ancien-batiment-de-la-ville\/","og_site_name":"9 St\u00e4dte in Niedersachsen","article_published_time":"2023-11-02T08:42:48+00:00","og_image":[{"width":1020,"height":559,"url":"https:\/\/9staedte.de\/wp-content\/uploads\/2022\/03\/Celle_Schloss-c-Martin-Kirchner.jpg","type":"image\/jpeg"}],"author":"Domanetzki","twitter_card":"summary_large_image","twitter_misc":{"\u00c9crit par":"Domanetzki","Dur\u00e9e de lecture estim\u00e9e":"1 minute"},"schema":{"@context":"https:\/\/schema.org","@graph":[{"@type":"Article","@id":"https:\/\/9staedte.de\/fr\/le-chateau-ducal-de-celle-le-plus-ancien-batiment-de-la-ville\/#article","isPartOf":{"@id":"https:\/\/9staedte.de\/fr\/le-chateau-ducal-de-celle-le-plus-ancien-batiment-de-la-ville\/"},"author":{"name":"Domanetzki","@id":"https:\/\/9staedte.de\/fr\/#\/schema\/person\/76d8d86d5647cfd38d36c81fa7edcfec"},"headline":"Le ch\u00e2teau ducal de Celle &#8211; le plus ancien b\u00e2timent de la ville","datePublished":"2023-11-02T08:42:48+00:00","mainEntityOfPage":{"@id":"https:\/\/9staedte.de\/fr\/le-chateau-ducal-de-celle-le-plus-ancien-batiment-de-la-ville\/"},"wordCount":204,"publisher":{"@id":"https:\/\/9staedte.de\/fr\/#organization"},"image":{"@id":"https:\/\/9staedte.de\/fr\/le-chateau-ducal-de-celle-le-plus-ancien-batiment-de-la-ville\/#primaryimage"},"thumbnailUrl":"https:\/\/9staedte.de\/wp-content\/uploads\/2022\/03\/Celle_Schloss-c-Martin-Kirchner.jpg","articleSection":["Non classifi\u00e9(e)"],"inLanguage":"fr-FR"},{"@type":"WebPage","@id":"https:\/\/9staedte.de\/fr\/le-chateau-ducal-de-celle-le-plus-ancien-batiment-de-la-ville\/","url":"https:\/\/9staedte.de\/fr\/le-chateau-ducal-de-celle-le-plus-ancien-batiment-de-la-ville\/","name":"Le ch\u00e2teau ducal de Celle - le plus ancien b\u00e2timent de la ville - 9 St\u00e4dte in Niedersachsen","isPartOf":{"@id":"https:\/\/9staedte.de\/fr\/#website"},"primaryImageOfPage":{"@id":"https:\/\/9staedte.de\/fr\/le-chateau-ducal-de-celle-le-plus-ancien-batiment-de-la-ville\/#primaryimage"},"image":{"@id":"https:\/\/9staedte.de\/fr\/le-chateau-ducal-de-celle-le-plus-ancien-batiment-de-la-ville\/#primaryimage"},"thumbnailUrl":"https:\/\/9staedte.de\/wp-content\/uploads\/2022\/03\/Celle_Schloss-c-Martin-Kirchner.jpg","datePublished":"2023-11-02T08:42:48+00:00","breadcrumb":{"@id":"https:\/\/9staedte.de\/fr\/le-chateau-ducal-de-celle-le-plus-ancien-batiment-de-la-ville\/#breadcrumb"},"inLanguage":"fr-FR","potentialAction":[{"@type":"ReadAction","target":["https:\/\/9staedte.de\/fr\/le-chateau-ducal-de-celle-le-plus-ancien-batiment-de-la-ville\/"]}]},{"@type":"ImageObject","inLanguage":"fr-FR","@id":"https:\/\/9staedte.de\/fr\/le-chateau-ducal-de-celle-le-plus-ancien-batiment-de-la-ville\/#primaryimage","url":"https:\/\/9staedte.de\/wp-content\/uploads\/2022\/03\/Celle_Schloss-c-Martin-Kirchner.jpg","contentUrl":"https:\/\/9staedte.de\/wp-content\/uploads\/2022\/03\/Celle_Schloss-c-Martin-Kirchner.jpg","width":1020,"height":559,"caption":"Celle, Schloss, Schlosspark c) Martin Kirchner"},{"@type":"BreadcrumbList","@id":"https:\/\/9staedte.de\/fr\/le-chateau-ducal-de-celle-le-plus-ancien-batiment-de-la-ville\/#breadcrumb","itemListElement":[{"@type":"ListItem","position":1,"name":"Startseite","item":"https:\/\/9staedte.de\/fr\/"},{"@type":"ListItem","position":2,"name":"Le ch\u00e2teau ducal de Celle &#8211; le plus ancien b\u00e2timent de la ville"}]},{"@type":"WebSite","@id":"https:\/\/9staedte.de\/fr\/#website","url":"https:\/\/9staedte.de\/fr\/","name":"9 St\u00e4dte in Niedersachsen","description":"","publisher":{"@id":"https:\/\/9staedte.de\/fr\/#organization"},"potentialAction":[{"@type":"SearchAction","target":{"@type":"EntryPoint","urlTemplate":"https:\/\/9staedte.de\/fr\/?s={search_term_string}"},"query-input":{"@type":"PropertyValueSpecification","valueRequired":true,"valueName":"search_term_string"}}],"inLanguage":"fr-FR"},{"@type":"Organization","@id":"https:\/\/9staedte.de\/fr\/#organization","name":"9 St\u00e4dte in Niedersachsen","url":"https:\/\/9staedte.de\/fr\/","logo":{"@type":"ImageObject","inLanguage":"fr-FR","@id":"https:\/\/9staedte.de\/fr\/#\/schema\/logo\/image\/","url":"https:\/\/9staedte.de\/wp-content\/uploads\/2025\/01\/9-neg-deutsch-2-1.png","contentUrl":"https:\/\/9staedte.de\/wp-content\/uploads\/2025\/01\/9-neg-deutsch-2-1.png","width":190,"height":114,"caption":"9 St\u00e4dte in Niedersachsen"},"image":{"@id":"https:\/\/9staedte.de\/fr\/#\/schema\/logo\/image\/"}},{"@type":"Person","@id":"https:\/\/9staedte.de\/fr\/#\/schema\/person\/76d8d86d5647cfd38d36c81fa7edcfec","name":"Domanetzki","image":{"@type":"ImageObject","inLanguage":"fr-FR","@id":"https:\/\/secure.gravatar.com\/avatar\/8f498d6068a46406fdc8f1d2e673133f3dd519ece9f0baf51e555f77ead18b5d?s=96&d=mm&r=g","url":"https:\/\/secure.gravatar.com\/avatar\/8f498d6068a46406fdc8f1d2e673133f3dd519ece9f0baf51e555f77ead18b5d?s=96&d=mm&r=g","contentUrl":"https:\/\/secure.gravatar.com\/avatar\/8f498d6068a46406fdc8f1d2e673133f3dd519ece9f0baf51e555f77ead18b5d?s=96&d=mm&r=g","caption":"Domanetzki"},"sameAs":["https:\/\/9staedte.de"],"url":"https:\/\/9staedte.de\/fr\/author\/domanetzki\/"}]}},"_links":{"self":[{"href":"https:\/\/9staedte.de\/fr\/wp-json\/wp\/v2\/posts\/16617","targetHints":{"allow":["GET"]}}],"collection":[{"href":"https:\/\/9staedte.de\/fr\/wp-json\/wp\/v2\/posts"}],"about":[{"href":"https:\/\/9staedte.de\/fr\/wp-json\/wp\/v2\/types\/post"}],"author":[{"embeddable":true,"href":"https:\/\/9staedte.de\/fr\/wp-json\/wp\/v2\/users\/1"}],"replies":[{"embeddable":true,"href":"https:\/\/9staedte.de\/fr\/wp-json\/wp\/v2\/comments?post=16617"}],"version-history":[{"count":0,"href":"https:\/\/9staedte.de\/fr\/wp-json\/wp\/v2\/posts\/16617\/revisions"}],"wp:featuredmedia":[{"embeddable":true,"href":"https:\/\/9staedte.de\/fr\/wp-json\/wp\/v2\/media\/16623"}],"wp:attachment":[{"href":"https:\/\/9staedte.de\/fr\/wp-json\/wp\/v2\/media?parent=16617"}],"wp:term":[{"taxonomy":"category","embeddable":true,"href":"https:\/\/9staedte.de\/fr\/wp-json\/wp\/v2\/categories?post=16617"},{"taxonomy":"post_tag","embeddable":true,"href":"https:\/\/9staedte.de\/fr\/wp-json\/wp\/v2\/tags?post=16617"},{"taxonomy":"ncap_cities_tax","embeddable":true,"href":"https:\/\/9staedte.de\/fr\/wp-json\/wp\/v2\/ncap_cities_tax?post=16617"}],"curies":[{"name":"wp","href":"https:\/\/api.w.org\/{rel}","templated":true}]}}