{"id":16641,"date":"2023-11-02T09:42:52","date_gmt":"2023-11-02T08:42:52","guid":{"rendered":"https:\/\/9staedte.de\/herzogschloss-celle-el-edificio-mas-antiguo-de-la-ciudad\/"},"modified":"2023-11-02T09:42:52","modified_gmt":"2023-11-02T08:42:52","slug":"herzogschloss-celle-el-edificio-mas-antiguo-de-la-ciudad","status":"publish","type":"post","link":"https:\/\/9staedte.de\/es\/herzogschloss-celle-el-edificio-mas-antiguo-de-la-ciudad\/","title":{"rendered":"Herzogschloss Celle &#8211; el edificio m\u00e1s antiguo de la ciudad"},"content":{"rendered":"\n<h3 class=\"wp-block-heading\">El Palacio Ducal de Celle le invita a<\/h3>\n\n\n\n<p>El edificio m\u00e1s antiguo es el palacio ducal de Celle. Mencionado por primera vez en 1318 como \u00abcastrum\u00bb, sus partes m\u00e1s antiguas datan de la segunda mitad del siglo XIII. Con el tiempo, el castillo, inicialmente sencillo, fue reconstruido y ampliado hasta convertirse en un elaborado complejo de cuatro alas.&nbsp;Renacimiento y Barroco entran en una mezcla distintiva.&nbsp;  El Museo de la Residencia se encuentra en el ala este del palacio.&nbsp;  El castillo alberga el teatro barroco m\u00e1s antiguo de Alemania, a\u00fan en uso, as\u00ed como la capilla del castillo, \u00fanico lugar de culto al norte de los Alpes con mobiliario renacentista completamente conservado.&nbsp;  Adem\u00e1s, como parte de una visita guiada al palacio&nbsp;, los visitantes no deben perderse el Museo de la Residencia, ubicado en los apartamentos ducales de la \u00e9poca, los apartamentos de estado barrocos y la cocina del palacio.<\/p>\n\n\n\n<p><a href=\"https:\/\/www.celle.de\/Tourismus\/Schloss-Celle\/\">Para m\u00e1s informaci\u00f3n<\/a><\/p>\n\n\n\n<div style=\"height:27px\" aria-hidden=\"true\" class=\"wp-block-spacer\"><\/div>\n\n\n\n<div class=\"wp-block-columns is-layout-flex wp-container-core-columns-is-layout-9d6595d7 wp-block-columns-is-layout-flex\">\n<div class=\"wp-block-column is-vertically-aligned-center is-layout-flow wp-block-column-is-layout-flow\">\n <div class=\"brlbs-cmpnt-container brlbs-cmpnt-content-blocker brlbs-cmpnt-with-individual-styles\" data-borlabs-cookie-content-blocker-id=\"google-maps\" data-borlabs-cookie-content=\"PGlmcmFtZSBzcmM9Imh0dHBzOi8vd3d3Lmdvb2dsZS5jb20vbWFwcy9lbWJlZD9wYj0hMW0xOCExbTEyITFtMyExZDI0MjEuOTk5NDc5MDI4MDM2ITJkMTAuMDc1MjI3Nzc2ODk2MSEzZDUyLjYyMzg1MzUyODUzNTExNSEybTMhMWYwITJmMCEzZjAhM20yITFpMTAyNCEyaTc2OCE0ZjEzLjEhM20zITFtMiExczB4NDdiMDIyYWNlYzI1NTA4ZiUzQTB4ZDMwN2NlMmIzNGFhMmIxNSEyc0NlbGxlciUyMFNjaGxvc3MhNWUwITNtMiExc2RlITJzZGUhNHYxNjkyMjY1MDYyNjA3ITVtMiExc2RlITJzZGUiIHdpZHRoPSI0MDAiIGhlaWdodD0iMzAwIiBzdHlsZT0iYm9yZGVyOjA7IiBhbGxvd2Z1bGxzY3JlZW49IiIgbG9hZGluZz0ibGF6eSIgcmVmZXJyZXJwb2xpY3k9Im5vLXJlZmVycmVyLXdoZW4tZG93bmdyYWRlIj48L2lmcmFtZT4=\"><div class=\"brlbs-cmpnt-cb-preset-b brlbs-cmpnt-cb-google-maps\"> <div class=\"brlbs-cmpnt-cb-thumbnail\" style=\"background-image: url('https:\/\/9staedte.de\/wp-content\/uploads\/borlabs-cookie\/1\/brlbs-cb-google-maps-main.png')\"><\/div> <div class=\"brlbs-cmpnt-cb-main\"> <div class=\"brlbs-cmpnt-cb-content\"> <p class=\"brlbs-cmpnt-cb-description\">Est\u00e1s viendo un contenido de marcador de posici\u00f3n de <strong>Google Maps<\/strong>. Para acceder al contenido real, haz clic en el siguiente bot\u00f3n. Ten en cuenta que al hacerlo compartir\u00e1s datos con terceros proveedores.<\/p> <a class=\"brlbs-cmpnt-cb-provider-toggle\" href=\"#\" data-borlabs-cookie-show-provider-information role=\"button\">M\u00e1s informaci\u00f3n<\/a> <\/div> <div class=\"brlbs-cmpnt-cb-buttons\"> <a class=\"brlbs-cmpnt-cb-btn\" href=\"#\" data-borlabs-cookie-unblock role=\"button\">Desbloquear contenido<\/a> <a class=\"brlbs-cmpnt-cb-btn\" href=\"#\" data-borlabs-cookie-accept-service role=\"button\" style=\"display: inherit\">Aceptar el servicio requerido y desbloquear el contenido<\/a> <\/div> <\/div> <\/div><\/div>\n<\/div>\n<\/div>\n","protected":false},"excerpt":{"rendered":"<p>El Palacio Ducal de Celle le invita a El edificio m\u00e1s antiguo es el palacio ducal de Celle. Mencionado por primera vez en 1318 como \u00abcastrum\u00bb, sus partes m\u00e1s antiguas datan de la segunda mitad del siglo XIII. Con el tiempo, el castillo, inicialmente sencillo, fue reconstruido y ampliado hasta convertirse en un elaborado complejo [&hellip;]<\/p>\n","protected":false},"author":1,"featured_media":16649,"comment_status":"closed","ping_status":"closed","sticky":false,"template":"","format":"standard","meta":{"_acf_changed":false,"footnotes":""},"categories":[352],"tags":[],"ncap_cities_tax":[431,710],"class_list":["post-16641","post","type-post","status-publish","format-standard","has-post-thumbnail","hentry","category-sin-categorizar","ncap_cities_tax-celle-es","ncap_cities_tax-schlosser-und-garten-celle-es"],"acf":[],"yoast_head":"<!-- This site is optimized with the Yoast SEO plugin v27.4 - https:\/\/yoast.com\/product\/yoast-seo-wordpress\/ -->\n<title>Herzogschloss Celle - el edificio m\u00e1s antiguo de la ciudad - 9 St\u00e4dte in Niedersachsen<\/title>\n<meta name=\"robots\" content=\"index, follow, max-snippet:-1, max-image-preview:large, max-video-preview:-1\" \/>\n<link rel=\"canonical\" href=\"https:\/\/9staedte.de\/es\/herzogschloss-celle-el-edificio-mas-antiguo-de-la-ciudad\/\" \/>\n<meta property=\"og:locale\" content=\"es_ES\" \/>\n<meta property=\"og:type\" content=\"article\" \/>\n<meta property=\"og:title\" content=\"Herzogschloss Celle - el edificio m\u00e1s antiguo de la ciudad - 9 St\u00e4dte in Niedersachsen\" \/>\n<meta property=\"og:description\" content=\"El Palacio Ducal de Celle le invita a El edificio m\u00e1s antiguo es el palacio ducal de Celle. Mencionado por primera vez en 1318 como \u00abcastrum\u00bb, sus partes m\u00e1s antiguas datan de la segunda mitad del siglo XIII. Con el tiempo, el castillo, inicialmente sencillo, fue reconstruido y ampliado hasta convertirse en un elaborado complejo [&hellip;]\" \/>\n<meta property=\"og:url\" content=\"https:\/\/9staedte.de\/es\/herzogschloss-celle-el-edificio-mas-antiguo-de-la-ciudad\/\" \/>\n<meta property=\"og:site_name\" content=\"9 St\u00e4dte in Niedersachsen\" \/>\n<meta property=\"article:published_time\" content=\"2023-11-02T08:42:52+00:00\" \/>\n<meta property=\"og:image\" content=\"https:\/\/9staedte.de\/wp-content\/uploads\/2022\/03\/Celle_Schloss-c-Martin-Kirchner.jpg\" \/>\n\t<meta property=\"og:image:width\" content=\"1020\" \/>\n\t<meta property=\"og:image:height\" content=\"559\" \/>\n\t<meta property=\"og:image:type\" content=\"image\/jpeg\" \/>\n<meta name=\"author\" content=\"Domanetzki\" \/>\n<meta name=\"twitter:card\" content=\"summary_large_image\" \/>\n<meta name=\"twitter:label1\" content=\"Escrito por\" \/>\n\t<meta name=\"twitter:data1\" content=\"Domanetzki\" \/>\n\t<meta name=\"twitter:label2\" content=\"Tiempo de lectura\" \/>\n\t<meta name=\"twitter:data2\" content=\"1 minuto\" \/>\n<script type=\"application\/ld+json\" class=\"yoast-schema-graph\">{\"@context\":\"https:\\\/\\\/schema.org\",\"@graph\":[{\"@type\":\"Article\",\"@id\":\"https:\\\/\\\/9staedte.de\\\/es\\\/herzogschloss-celle-el-edificio-mas-antiguo-de-la-ciudad\\\/#article\",\"isPartOf\":{\"@id\":\"https:\\\/\\\/9staedte.de\\\/es\\\/herzogschloss-celle-el-edificio-mas-antiguo-de-la-ciudad\\\/\"},\"author\":{\"name\":\"Domanetzki\",\"@id\":\"https:\\\/\\\/9staedte.de\\\/es\\\/#\\\/schema\\\/person\\\/76d8d86d5647cfd38d36c81fa7edcfec\"},\"headline\":\"Herzogschloss Celle &#8211; el edificio m\u00e1s antiguo de la ciudad\",\"datePublished\":\"2023-11-02T08:42:52+00:00\",\"mainEntityOfPage\":{\"@id\":\"https:\\\/\\\/9staedte.de\\\/es\\\/herzogschloss-celle-el-edificio-mas-antiguo-de-la-ciudad\\\/\"},\"wordCount\":174,\"publisher\":{\"@id\":\"https:\\\/\\\/9staedte.de\\\/es\\\/#organization\"},\"image\":{\"@id\":\"https:\\\/\\\/9staedte.de\\\/es\\\/herzogschloss-celle-el-edificio-mas-antiguo-de-la-ciudad\\\/#primaryimage\"},\"thumbnailUrl\":\"https:\\\/\\\/9staedte.de\\\/wp-content\\\/uploads\\\/2022\\\/03\\\/Celle_Schloss-c-Martin-Kirchner.jpg\",\"articleSection\":[\"Sin categorizar\"],\"inLanguage\":\"es\"},{\"@type\":\"WebPage\",\"@id\":\"https:\\\/\\\/9staedte.de\\\/es\\\/herzogschloss-celle-el-edificio-mas-antiguo-de-la-ciudad\\\/\",\"url\":\"https:\\\/\\\/9staedte.de\\\/es\\\/herzogschloss-celle-el-edificio-mas-antiguo-de-la-ciudad\\\/\",\"name\":\"Herzogschloss Celle - el edificio m\u00e1s antiguo de la ciudad - 9 St\u00e4dte in Niedersachsen\",\"isPartOf\":{\"@id\":\"https:\\\/\\\/9staedte.de\\\/es\\\/#website\"},\"primaryImageOfPage\":{\"@id\":\"https:\\\/\\\/9staedte.de\\\/es\\\/herzogschloss-celle-el-edificio-mas-antiguo-de-la-ciudad\\\/#primaryimage\"},\"image\":{\"@id\":\"https:\\\/\\\/9staedte.de\\\/es\\\/herzogschloss-celle-el-edificio-mas-antiguo-de-la-ciudad\\\/#primaryimage\"},\"thumbnailUrl\":\"https:\\\/\\\/9staedte.de\\\/wp-content\\\/uploads\\\/2022\\\/03\\\/Celle_Schloss-c-Martin-Kirchner.jpg\",\"datePublished\":\"2023-11-02T08:42:52+00:00\",\"breadcrumb\":{\"@id\":\"https:\\\/\\\/9staedte.de\\\/es\\\/herzogschloss-celle-el-edificio-mas-antiguo-de-la-ciudad\\\/#breadcrumb\"},\"inLanguage\":\"es\",\"potentialAction\":[{\"@type\":\"ReadAction\",\"target\":[\"https:\\\/\\\/9staedte.de\\\/es\\\/herzogschloss-celle-el-edificio-mas-antiguo-de-la-ciudad\\\/\"]}]},{\"@type\":\"ImageObject\",\"inLanguage\":\"es\",\"@id\":\"https:\\\/\\\/9staedte.de\\\/es\\\/herzogschloss-celle-el-edificio-mas-antiguo-de-la-ciudad\\\/#primaryimage\",\"url\":\"https:\\\/\\\/9staedte.de\\\/wp-content\\\/uploads\\\/2022\\\/03\\\/Celle_Schloss-c-Martin-Kirchner.jpg\",\"contentUrl\":\"https:\\\/\\\/9staedte.de\\\/wp-content\\\/uploads\\\/2022\\\/03\\\/Celle_Schloss-c-Martin-Kirchner.jpg\",\"width\":1020,\"height\":559,\"caption\":\"Celle, Schloss, Schlosspark c) Martin Kirchner\"},{\"@type\":\"BreadcrumbList\",\"@id\":\"https:\\\/\\\/9staedte.de\\\/es\\\/herzogschloss-celle-el-edificio-mas-antiguo-de-la-ciudad\\\/#breadcrumb\",\"itemListElement\":[{\"@type\":\"ListItem\",\"position\":1,\"name\":\"Startseite\",\"item\":\"https:\\\/\\\/9staedte.de\\\/es\\\/\"},{\"@type\":\"ListItem\",\"position\":2,\"name\":\"Herzogschloss Celle &#8211; el edificio m\u00e1s antiguo de la ciudad\"}]},{\"@type\":\"WebSite\",\"@id\":\"https:\\\/\\\/9staedte.de\\\/es\\\/#website\",\"url\":\"https:\\\/\\\/9staedte.de\\\/es\\\/\",\"name\":\"9 St\u00e4dte in Niedersachsen\",\"description\":\"\",\"publisher\":{\"@id\":\"https:\\\/\\\/9staedte.de\\\/es\\\/#organization\"},\"potentialAction\":[{\"@type\":\"SearchAction\",\"target\":{\"@type\":\"EntryPoint\",\"urlTemplate\":\"https:\\\/\\\/9staedte.de\\\/es\\\/?s={search_term_string}\"},\"query-input\":{\"@type\":\"PropertyValueSpecification\",\"valueRequired\":true,\"valueName\":\"search_term_string\"}}],\"inLanguage\":\"es\"},{\"@type\":\"Organization\",\"@id\":\"https:\\\/\\\/9staedte.de\\\/es\\\/#organization\",\"name\":\"9 St\u00e4dte in Niedersachsen\",\"url\":\"https:\\\/\\\/9staedte.de\\\/es\\\/\",\"logo\":{\"@type\":\"ImageObject\",\"inLanguage\":\"es\",\"@id\":\"https:\\\/\\\/9staedte.de\\\/es\\\/#\\\/schema\\\/logo\\\/image\\\/\",\"url\":\"https:\\\/\\\/9staedte.de\\\/wp-content\\\/uploads\\\/2025\\\/01\\\/9-neg-deutsch-2-1.png\",\"contentUrl\":\"https:\\\/\\\/9staedte.de\\\/wp-content\\\/uploads\\\/2025\\\/01\\\/9-neg-deutsch-2-1.png\",\"width\":190,\"height\":114,\"caption\":\"9 St\u00e4dte in Niedersachsen\"},\"image\":{\"@id\":\"https:\\\/\\\/9staedte.de\\\/es\\\/#\\\/schema\\\/logo\\\/image\\\/\"}},{\"@type\":\"Person\",\"@id\":\"https:\\\/\\\/9staedte.de\\\/es\\\/#\\\/schema\\\/person\\\/76d8d86d5647cfd38d36c81fa7edcfec\",\"name\":\"Domanetzki\",\"image\":{\"@type\":\"ImageObject\",\"inLanguage\":\"es\",\"@id\":\"https:\\\/\\\/secure.gravatar.com\\\/avatar\\\/8f498d6068a46406fdc8f1d2e673133f3dd519ece9f0baf51e555f77ead18b5d?s=96&d=mm&r=g\",\"url\":\"https:\\\/\\\/secure.gravatar.com\\\/avatar\\\/8f498d6068a46406fdc8f1d2e673133f3dd519ece9f0baf51e555f77ead18b5d?s=96&d=mm&r=g\",\"contentUrl\":\"https:\\\/\\\/secure.gravatar.com\\\/avatar\\\/8f498d6068a46406fdc8f1d2e673133f3dd519ece9f0baf51e555f77ead18b5d?s=96&d=mm&r=g\",\"caption\":\"Domanetzki\"},\"sameAs\":[\"https:\\\/\\\/9staedte.de\"],\"url\":\"https:\\\/\\\/9staedte.de\\\/es\\\/author\\\/domanetzki\\\/\"}]}<\/script>\n<!-- \/ Yoast SEO plugin. -->","yoast_head_json":{"title":"Herzogschloss Celle - el edificio m\u00e1s antiguo de la ciudad - 9 St\u00e4dte in Niedersachsen","robots":{"index":"index","follow":"follow","max-snippet":"max-snippet:-1","max-image-preview":"max-image-preview:large","max-video-preview":"max-video-preview:-1"},"canonical":"https:\/\/9staedte.de\/es\/herzogschloss-celle-el-edificio-mas-antiguo-de-la-ciudad\/","og_locale":"es_ES","og_type":"article","og_title":"Herzogschloss Celle - el edificio m\u00e1s antiguo de la ciudad - 9 St\u00e4dte in Niedersachsen","og_description":"El Palacio Ducal de Celle le invita a El edificio m\u00e1s antiguo es el palacio ducal de Celle. Mencionado por primera vez en 1318 como \u00abcastrum\u00bb, sus partes m\u00e1s antiguas datan de la segunda mitad del siglo XIII. Con el tiempo, el castillo, inicialmente sencillo, fue reconstruido y ampliado hasta convertirse en un elaborado complejo [&hellip;]","og_url":"https:\/\/9staedte.de\/es\/herzogschloss-celle-el-edificio-mas-antiguo-de-la-ciudad\/","og_site_name":"9 St\u00e4dte in Niedersachsen","article_published_time":"2023-11-02T08:42:52+00:00","og_image":[{"width":1020,"height":559,"url":"https:\/\/9staedte.de\/wp-content\/uploads\/2022\/03\/Celle_Schloss-c-Martin-Kirchner.jpg","type":"image\/jpeg"}],"author":"Domanetzki","twitter_card":"summary_large_image","twitter_misc":{"Escrito por":"Domanetzki","Tiempo de lectura":"1 minuto"},"schema":{"@context":"https:\/\/schema.org","@graph":[{"@type":"Article","@id":"https:\/\/9staedte.de\/es\/herzogschloss-celle-el-edificio-mas-antiguo-de-la-ciudad\/#article","isPartOf":{"@id":"https:\/\/9staedte.de\/es\/herzogschloss-celle-el-edificio-mas-antiguo-de-la-ciudad\/"},"author":{"name":"Domanetzki","@id":"https:\/\/9staedte.de\/es\/#\/schema\/person\/76d8d86d5647cfd38d36c81fa7edcfec"},"headline":"Herzogschloss Celle &#8211; el edificio m\u00e1s antiguo de la ciudad","datePublished":"2023-11-02T08:42:52+00:00","mainEntityOfPage":{"@id":"https:\/\/9staedte.de\/es\/herzogschloss-celle-el-edificio-mas-antiguo-de-la-ciudad\/"},"wordCount":174,"publisher":{"@id":"https:\/\/9staedte.de\/es\/#organization"},"image":{"@id":"https:\/\/9staedte.de\/es\/herzogschloss-celle-el-edificio-mas-antiguo-de-la-ciudad\/#primaryimage"},"thumbnailUrl":"https:\/\/9staedte.de\/wp-content\/uploads\/2022\/03\/Celle_Schloss-c-Martin-Kirchner.jpg","articleSection":["Sin categorizar"],"inLanguage":"es"},{"@type":"WebPage","@id":"https:\/\/9staedte.de\/es\/herzogschloss-celle-el-edificio-mas-antiguo-de-la-ciudad\/","url":"https:\/\/9staedte.de\/es\/herzogschloss-celle-el-edificio-mas-antiguo-de-la-ciudad\/","name":"Herzogschloss Celle - el edificio m\u00e1s antiguo de la ciudad - 9 St\u00e4dte in Niedersachsen","isPartOf":{"@id":"https:\/\/9staedte.de\/es\/#website"},"primaryImageOfPage":{"@id":"https:\/\/9staedte.de\/es\/herzogschloss-celle-el-edificio-mas-antiguo-de-la-ciudad\/#primaryimage"},"image":{"@id":"https:\/\/9staedte.de\/es\/herzogschloss-celle-el-edificio-mas-antiguo-de-la-ciudad\/#primaryimage"},"thumbnailUrl":"https:\/\/9staedte.de\/wp-content\/uploads\/2022\/03\/Celle_Schloss-c-Martin-Kirchner.jpg","datePublished":"2023-11-02T08:42:52+00:00","breadcrumb":{"@id":"https:\/\/9staedte.de\/es\/herzogschloss-celle-el-edificio-mas-antiguo-de-la-ciudad\/#breadcrumb"},"inLanguage":"es","potentialAction":[{"@type":"ReadAction","target":["https:\/\/9staedte.de\/es\/herzogschloss-celle-el-edificio-mas-antiguo-de-la-ciudad\/"]}]},{"@type":"ImageObject","inLanguage":"es","@id":"https:\/\/9staedte.de\/es\/herzogschloss-celle-el-edificio-mas-antiguo-de-la-ciudad\/#primaryimage","url":"https:\/\/9staedte.de\/wp-content\/uploads\/2022\/03\/Celle_Schloss-c-Martin-Kirchner.jpg","contentUrl":"https:\/\/9staedte.de\/wp-content\/uploads\/2022\/03\/Celle_Schloss-c-Martin-Kirchner.jpg","width":1020,"height":559,"caption":"Celle, Schloss, Schlosspark c) Martin Kirchner"},{"@type":"BreadcrumbList","@id":"https:\/\/9staedte.de\/es\/herzogschloss-celle-el-edificio-mas-antiguo-de-la-ciudad\/#breadcrumb","itemListElement":[{"@type":"ListItem","position":1,"name":"Startseite","item":"https:\/\/9staedte.de\/es\/"},{"@type":"ListItem","position":2,"name":"Herzogschloss Celle &#8211; el edificio m\u00e1s antiguo de la ciudad"}]},{"@type":"WebSite","@id":"https:\/\/9staedte.de\/es\/#website","url":"https:\/\/9staedte.de\/es\/","name":"9 St\u00e4dte in Niedersachsen","description":"","publisher":{"@id":"https:\/\/9staedte.de\/es\/#organization"},"potentialAction":[{"@type":"SearchAction","target":{"@type":"EntryPoint","urlTemplate":"https:\/\/9staedte.de\/es\/?s={search_term_string}"},"query-input":{"@type":"PropertyValueSpecification","valueRequired":true,"valueName":"search_term_string"}}],"inLanguage":"es"},{"@type":"Organization","@id":"https:\/\/9staedte.de\/es\/#organization","name":"9 St\u00e4dte in Niedersachsen","url":"https:\/\/9staedte.de\/es\/","logo":{"@type":"ImageObject","inLanguage":"es","@id":"https:\/\/9staedte.de\/es\/#\/schema\/logo\/image\/","url":"https:\/\/9staedte.de\/wp-content\/uploads\/2025\/01\/9-neg-deutsch-2-1.png","contentUrl":"https:\/\/9staedte.de\/wp-content\/uploads\/2025\/01\/9-neg-deutsch-2-1.png","width":190,"height":114,"caption":"9 St\u00e4dte in Niedersachsen"},"image":{"@id":"https:\/\/9staedte.de\/es\/#\/schema\/logo\/image\/"}},{"@type":"Person","@id":"https:\/\/9staedte.de\/es\/#\/schema\/person\/76d8d86d5647cfd38d36c81fa7edcfec","name":"Domanetzki","image":{"@type":"ImageObject","inLanguage":"es","@id":"https:\/\/secure.gravatar.com\/avatar\/8f498d6068a46406fdc8f1d2e673133f3dd519ece9f0baf51e555f77ead18b5d?s=96&d=mm&r=g","url":"https:\/\/secure.gravatar.com\/avatar\/8f498d6068a46406fdc8f1d2e673133f3dd519ece9f0baf51e555f77ead18b5d?s=96&d=mm&r=g","contentUrl":"https:\/\/secure.gravatar.com\/avatar\/8f498d6068a46406fdc8f1d2e673133f3dd519ece9f0baf51e555f77ead18b5d?s=96&d=mm&r=g","caption":"Domanetzki"},"sameAs":["https:\/\/9staedte.de"],"url":"https:\/\/9staedte.de\/es\/author\/domanetzki\/"}]}},"_links":{"self":[{"href":"https:\/\/9staedte.de\/es\/wp-json\/wp\/v2\/posts\/16641","targetHints":{"allow":["GET"]}}],"collection":[{"href":"https:\/\/9staedte.de\/es\/wp-json\/wp\/v2\/posts"}],"about":[{"href":"https:\/\/9staedte.de\/es\/wp-json\/wp\/v2\/types\/post"}],"author":[{"embeddable":true,"href":"https:\/\/9staedte.de\/es\/wp-json\/wp\/v2\/users\/1"}],"replies":[{"embeddable":true,"href":"https:\/\/9staedte.de\/es\/wp-json\/wp\/v2\/comments?post=16641"}],"version-history":[{"count":0,"href":"https:\/\/9staedte.de\/es\/wp-json\/wp\/v2\/posts\/16641\/revisions"}],"wp:featuredmedia":[{"embeddable":true,"href":"https:\/\/9staedte.de\/es\/wp-json\/wp\/v2\/media\/16649"}],"wp:attachment":[{"href":"https:\/\/9staedte.de\/es\/wp-json\/wp\/v2\/media?parent=16641"}],"wp:term":[{"taxonomy":"category","embeddable":true,"href":"https:\/\/9staedte.de\/es\/wp-json\/wp\/v2\/categories?post=16641"},{"taxonomy":"post_tag","embeddable":true,"href":"https:\/\/9staedte.de\/es\/wp-json\/wp\/v2\/tags?post=16641"},{"taxonomy":"ncap_cities_tax","embeddable":true,"href":"https:\/\/9staedte.de\/es\/wp-json\/wp\/v2\/ncap_cities_tax?post=16641"}],"curies":[{"name":"wp","href":"https:\/\/api.w.org\/{rel}","templated":true}]}}