{"id":15707,"date":"2023-11-02T11:03:26","date_gmt":"2023-11-02T10:03:26","guid":{"rendered":"https:\/\/9staedte.de\/foro-conocimiento\/"},"modified":"2023-11-02T11:03:26","modified_gmt":"2023-11-02T10:03:26","slug":"foro-conocimiento","status":"publish","type":"post","link":"https:\/\/9staedte.de\/es\/foro-conocimiento\/","title":{"rendered":"Foro Conocimiento"},"content":{"rendered":"\n<h2 class=\"wp-block-heading\">Museo del Conocimiento<\/h2>\n\n\n\n<p>El museo del conocimiento Forum Wissen de Gotinga existe desde mayo de 2022. En 1.400 m\u00b2 de exposici\u00f3n, repartidos en dos plantas, la pregunta es: \u00bfC\u00f3mo se crea el conocimiento? La exposici\u00f3n b\u00e1sica pretende animar a la gente a mirar las cosas desde distintos \u00e1ngulos y a participar en debates sociales. La entrada al museo y a las exposiciones especiales y visitas guiadas es gratuita.<\/p>\n\n\n\n<p>Foro Conocimiento<br>Berliner Str. 28<br>37073 G\u00f6ttingen<br>Tel.: 0551 39-26600<br>Correo electr\u00f3nico: <a href=\"mailto:willkommen@forum-wissen.de\">willkommen@forum-wissen.de<\/a><br><a href=\"http:\/\/www.forum-wissen.de\">ww.forum-wissen.de<\/a><\/p>\n\n\n\n<figure class=\"wp-block-image size-full\"><img loading=\"lazy\" decoding=\"async\" width=\"1020\" height=\"557\" src=\"https:\/\/9staedte.de\/wp-content\/smush-webp\/2023\/02\/Forum-Wissen-Goettingen_Innenansicht-c-Forum-Wissen.jpg.webp\" alt=\"\" class=\"wp-image-4000\" srcset=\"https:\/\/9staedte.de\/wp-content\/smush-webp\/2023\/02\/Forum-Wissen-Goettingen_Innenansicht-c-Forum-Wissen.jpg.webp 1020w, https:\/\/9staedte.de\/wp-content\/smush-webp\/2023\/02\/Forum-Wissen-Goettingen_Innenansicht-c-Forum-Wissen-300x164.jpg.webp 300w, https:\/\/9staedte.de\/wp-content\/smush-webp\/2023\/02\/Forum-Wissen-Goettingen_Innenansicht-c-Forum-Wissen-768x419.jpg.webp 768w\" sizes=\"auto, (max-width: 1020px) 100vw, 1020px\" \/><figcaption class=\"wp-element-caption\">Foro del Conocimiento de Gotinga<\/figcaption><\/figure>\n","protected":false},"excerpt":{"rendered":"<p>Museo del Conocimiento El museo del conocimiento Forum Wissen de Gotinga existe desde mayo de 2022. En 1.400 m\u00b2 de exposici\u00f3n, repartidos en dos plantas, la pregunta es: \u00bfC\u00f3mo se crea el conocimiento? La exposici\u00f3n b\u00e1sica pretende animar a la gente a mirar las cosas desde distintos \u00e1ngulos y a participar en debates sociales. La [&hellip;]<\/p>\n","protected":false},"author":6,"featured_media":15718,"comment_status":"closed","ping_status":"closed","sticky":false,"template":"","format":"standard","meta":{"_acf_changed":false,"footnotes":""},"categories":[352],"tags":[],"ncap_cities_tax":[437,647],"class_list":["post-15707","post","type-post","status-publish","format-standard","has-post-thumbnail","hentry","category-sin-categorizar","ncap_cities_tax-goettingen-es","ncap_cities_tax-museen-goettingen-es"],"acf":[],"yoast_head":"<!-- This site is optimized with the Yoast SEO plugin v27.4 - https:\/\/yoast.com\/product\/yoast-seo-wordpress\/ -->\n<title>Foro Conocimiento - 9 St\u00e4dte in Niedersachsen<\/title>\n<meta name=\"robots\" content=\"index, follow, max-snippet:-1, max-image-preview:large, max-video-preview:-1\" \/>\n<link rel=\"canonical\" href=\"https:\/\/9staedte.de\/es\/foro-conocimiento\/\" \/>\n<meta property=\"og:locale\" content=\"es_ES\" \/>\n<meta property=\"og:type\" content=\"article\" \/>\n<meta property=\"og:title\" content=\"Foro Conocimiento - 9 St\u00e4dte in Niedersachsen\" \/>\n<meta property=\"og:description\" content=\"Museo del Conocimiento El museo del conocimiento Forum Wissen de Gotinga existe desde mayo de 2022. En 1.400 m\u00b2 de exposici\u00f3n, repartidos en dos plantas, la pregunta es: \u00bfC\u00f3mo se crea el conocimiento? La exposici\u00f3n b\u00e1sica pretende animar a la gente a mirar las cosas desde distintos \u00e1ngulos y a participar en debates sociales. La [&hellip;]\" \/>\n<meta property=\"og:url\" content=\"https:\/\/9staedte.de\/es\/foro-conocimiento\/\" \/>\n<meta property=\"og:site_name\" content=\"9 St\u00e4dte in Niedersachsen\" \/>\n<meta property=\"article:published_time\" content=\"2023-11-02T10:03:26+00:00\" \/>\n<meta property=\"og:image\" content=\"https:\/\/9staedte.de\/wp-content\/uploads\/2023\/02\/Forum-Wissen-Luftaufnahme-c-Forum-Wissen.jpg\" \/>\n\t<meta property=\"og:image:width\" content=\"1020\" \/>\n\t<meta property=\"og:image:height\" content=\"559\" \/>\n\t<meta property=\"og:image:type\" content=\"image\/jpeg\" \/>\n<meta name=\"author\" content=\"Sievers\" \/>\n<meta name=\"twitter:card\" content=\"summary_large_image\" \/>\n<meta name=\"twitter:label1\" content=\"Escrito por\" \/>\n\t<meta name=\"twitter:data1\" content=\"Sievers\" \/>\n<script type=\"application\/ld+json\" class=\"yoast-schema-graph\">{\"@context\":\"https:\\\/\\\/schema.org\",\"@graph\":[{\"@type\":\"Article\",\"@id\":\"https:\\\/\\\/9staedte.de\\\/es\\\/foro-conocimiento\\\/#article\",\"isPartOf\":{\"@id\":\"https:\\\/\\\/9staedte.de\\\/es\\\/foro-conocimiento\\\/\"},\"author\":{\"name\":\"Sievers\",\"@id\":\"https:\\\/\\\/9staedte.de\\\/es\\\/#\\\/schema\\\/person\\\/62c7e26774028d3df697794861a45be5\"},\"headline\":\"Foro Conocimiento\",\"datePublished\":\"2023-11-02T10:03:26+00:00\",\"mainEntityOfPage\":{\"@id\":\"https:\\\/\\\/9staedte.de\\\/es\\\/foro-conocimiento\\\/\"},\"wordCount\":92,\"publisher\":{\"@id\":\"https:\\\/\\\/9staedte.de\\\/es\\\/#organization\"},\"image\":{\"@id\":\"https:\\\/\\\/9staedte.de\\\/es\\\/foro-conocimiento\\\/#primaryimage\"},\"thumbnailUrl\":\"https:\\\/\\\/9staedte.de\\\/wp-content\\\/uploads\\\/2023\\\/02\\\/Forum-Wissen-Luftaufnahme-c-Forum-Wissen.jpg\",\"articleSection\":[\"Sin categorizar\"],\"inLanguage\":\"es\"},{\"@type\":\"WebPage\",\"@id\":\"https:\\\/\\\/9staedte.de\\\/es\\\/foro-conocimiento\\\/\",\"url\":\"https:\\\/\\\/9staedte.de\\\/es\\\/foro-conocimiento\\\/\",\"name\":\"Foro Conocimiento - 9 St\u00e4dte in Niedersachsen\",\"isPartOf\":{\"@id\":\"https:\\\/\\\/9staedte.de\\\/es\\\/#website\"},\"primaryImageOfPage\":{\"@id\":\"https:\\\/\\\/9staedte.de\\\/es\\\/foro-conocimiento\\\/#primaryimage\"},\"image\":{\"@id\":\"https:\\\/\\\/9staedte.de\\\/es\\\/foro-conocimiento\\\/#primaryimage\"},\"thumbnailUrl\":\"https:\\\/\\\/9staedte.de\\\/wp-content\\\/uploads\\\/2023\\\/02\\\/Forum-Wissen-Luftaufnahme-c-Forum-Wissen.jpg\",\"datePublished\":\"2023-11-02T10:03:26+00:00\",\"breadcrumb\":{\"@id\":\"https:\\\/\\\/9staedte.de\\\/es\\\/foro-conocimiento\\\/#breadcrumb\"},\"inLanguage\":\"es\",\"potentialAction\":[{\"@type\":\"ReadAction\",\"target\":[\"https:\\\/\\\/9staedte.de\\\/es\\\/foro-conocimiento\\\/\"]}]},{\"@type\":\"ImageObject\",\"inLanguage\":\"es\",\"@id\":\"https:\\\/\\\/9staedte.de\\\/es\\\/foro-conocimiento\\\/#primaryimage\",\"url\":\"https:\\\/\\\/9staedte.de\\\/wp-content\\\/uploads\\\/2023\\\/02\\\/Forum-Wissen-Luftaufnahme-c-Forum-Wissen.jpg\",\"contentUrl\":\"https:\\\/\\\/9staedte.de\\\/wp-content\\\/uploads\\\/2023\\\/02\\\/Forum-Wissen-Luftaufnahme-c-Forum-Wissen.jpg\",\"width\":1020,\"height\":559,\"caption\":\"Forum Wissen Luftaufnahme c) Forum Wissen\"},{\"@type\":\"BreadcrumbList\",\"@id\":\"https:\\\/\\\/9staedte.de\\\/es\\\/foro-conocimiento\\\/#breadcrumb\",\"itemListElement\":[{\"@type\":\"ListItem\",\"position\":1,\"name\":\"Startseite\",\"item\":\"https:\\\/\\\/9staedte.de\\\/es\\\/\"},{\"@type\":\"ListItem\",\"position\":2,\"name\":\"Foro Conocimiento\"}]},{\"@type\":\"WebSite\",\"@id\":\"https:\\\/\\\/9staedte.de\\\/es\\\/#website\",\"url\":\"https:\\\/\\\/9staedte.de\\\/es\\\/\",\"name\":\"9 St\u00e4dte in Niedersachsen\",\"description\":\"\",\"publisher\":{\"@id\":\"https:\\\/\\\/9staedte.de\\\/es\\\/#organization\"},\"potentialAction\":[{\"@type\":\"SearchAction\",\"target\":{\"@type\":\"EntryPoint\",\"urlTemplate\":\"https:\\\/\\\/9staedte.de\\\/es\\\/?s={search_term_string}\"},\"query-input\":{\"@type\":\"PropertyValueSpecification\",\"valueRequired\":true,\"valueName\":\"search_term_string\"}}],\"inLanguage\":\"es\"},{\"@type\":\"Organization\",\"@id\":\"https:\\\/\\\/9staedte.de\\\/es\\\/#organization\",\"name\":\"9 St\u00e4dte in Niedersachsen\",\"url\":\"https:\\\/\\\/9staedte.de\\\/es\\\/\",\"logo\":{\"@type\":\"ImageObject\",\"inLanguage\":\"es\",\"@id\":\"https:\\\/\\\/9staedte.de\\\/es\\\/#\\\/schema\\\/logo\\\/image\\\/\",\"url\":\"https:\\\/\\\/9staedte.de\\\/wp-content\\\/uploads\\\/2025\\\/01\\\/9-neg-deutsch-2-1.png\",\"contentUrl\":\"https:\\\/\\\/9staedte.de\\\/wp-content\\\/uploads\\\/2025\\\/01\\\/9-neg-deutsch-2-1.png\",\"width\":190,\"height\":114,\"caption\":\"9 St\u00e4dte in Niedersachsen\"},\"image\":{\"@id\":\"https:\\\/\\\/9staedte.de\\\/es\\\/#\\\/schema\\\/logo\\\/image\\\/\"}},{\"@type\":\"Person\",\"@id\":\"https:\\\/\\\/9staedte.de\\\/es\\\/#\\\/schema\\\/person\\\/62c7e26774028d3df697794861a45be5\",\"name\":\"Sievers\",\"image\":{\"@type\":\"ImageObject\",\"inLanguage\":\"es\",\"@id\":\"https:\\\/\\\/secure.gravatar.com\\\/avatar\\\/e73811de454f99d79a27402331a08410bb340b57cc321631a731ca71b1531f65?s=96&d=mm&r=g\",\"url\":\"https:\\\/\\\/secure.gravatar.com\\\/avatar\\\/e73811de454f99d79a27402331a08410bb340b57cc321631a731ca71b1531f65?s=96&d=mm&r=g\",\"contentUrl\":\"https:\\\/\\\/secure.gravatar.com\\\/avatar\\\/e73811de454f99d79a27402331a08410bb340b57cc321631a731ca71b1531f65?s=96&d=mm&r=g\",\"caption\":\"Sievers\"},\"url\":\"https:\\\/\\\/9staedte.de\\\/es\\\/author\\\/sievers\\\/\"}]}<\/script>\n<!-- \/ Yoast SEO plugin. -->","yoast_head_json":{"title":"Foro Conocimiento - 9 St\u00e4dte in Niedersachsen","robots":{"index":"index","follow":"follow","max-snippet":"max-snippet:-1","max-image-preview":"max-image-preview:large","max-video-preview":"max-video-preview:-1"},"canonical":"https:\/\/9staedte.de\/es\/foro-conocimiento\/","og_locale":"es_ES","og_type":"article","og_title":"Foro Conocimiento - 9 St\u00e4dte in Niedersachsen","og_description":"Museo del Conocimiento El museo del conocimiento Forum Wissen de Gotinga existe desde mayo de 2022. En 1.400 m\u00b2 de exposici\u00f3n, repartidos en dos plantas, la pregunta es: \u00bfC\u00f3mo se crea el conocimiento? La exposici\u00f3n b\u00e1sica pretende animar a la gente a mirar las cosas desde distintos \u00e1ngulos y a participar en debates sociales. La [&hellip;]","og_url":"https:\/\/9staedte.de\/es\/foro-conocimiento\/","og_site_name":"9 St\u00e4dte in Niedersachsen","article_published_time":"2023-11-02T10:03:26+00:00","og_image":[{"width":1020,"height":559,"url":"https:\/\/9staedte.de\/wp-content\/uploads\/2023\/02\/Forum-Wissen-Luftaufnahme-c-Forum-Wissen.jpg","type":"image\/jpeg"}],"author":"Sievers","twitter_card":"summary_large_image","twitter_misc":{"Escrito por":"Sievers"},"schema":{"@context":"https:\/\/schema.org","@graph":[{"@type":"Article","@id":"https:\/\/9staedte.de\/es\/foro-conocimiento\/#article","isPartOf":{"@id":"https:\/\/9staedte.de\/es\/foro-conocimiento\/"},"author":{"name":"Sievers","@id":"https:\/\/9staedte.de\/es\/#\/schema\/person\/62c7e26774028d3df697794861a45be5"},"headline":"Foro Conocimiento","datePublished":"2023-11-02T10:03:26+00:00","mainEntityOfPage":{"@id":"https:\/\/9staedte.de\/es\/foro-conocimiento\/"},"wordCount":92,"publisher":{"@id":"https:\/\/9staedte.de\/es\/#organization"},"image":{"@id":"https:\/\/9staedte.de\/es\/foro-conocimiento\/#primaryimage"},"thumbnailUrl":"https:\/\/9staedte.de\/wp-content\/uploads\/2023\/02\/Forum-Wissen-Luftaufnahme-c-Forum-Wissen.jpg","articleSection":["Sin categorizar"],"inLanguage":"es"},{"@type":"WebPage","@id":"https:\/\/9staedte.de\/es\/foro-conocimiento\/","url":"https:\/\/9staedte.de\/es\/foro-conocimiento\/","name":"Foro Conocimiento - 9 St\u00e4dte in Niedersachsen","isPartOf":{"@id":"https:\/\/9staedte.de\/es\/#website"},"primaryImageOfPage":{"@id":"https:\/\/9staedte.de\/es\/foro-conocimiento\/#primaryimage"},"image":{"@id":"https:\/\/9staedte.de\/es\/foro-conocimiento\/#primaryimage"},"thumbnailUrl":"https:\/\/9staedte.de\/wp-content\/uploads\/2023\/02\/Forum-Wissen-Luftaufnahme-c-Forum-Wissen.jpg","datePublished":"2023-11-02T10:03:26+00:00","breadcrumb":{"@id":"https:\/\/9staedte.de\/es\/foro-conocimiento\/#breadcrumb"},"inLanguage":"es","potentialAction":[{"@type":"ReadAction","target":["https:\/\/9staedte.de\/es\/foro-conocimiento\/"]}]},{"@type":"ImageObject","inLanguage":"es","@id":"https:\/\/9staedte.de\/es\/foro-conocimiento\/#primaryimage","url":"https:\/\/9staedte.de\/wp-content\/uploads\/2023\/02\/Forum-Wissen-Luftaufnahme-c-Forum-Wissen.jpg","contentUrl":"https:\/\/9staedte.de\/wp-content\/uploads\/2023\/02\/Forum-Wissen-Luftaufnahme-c-Forum-Wissen.jpg","width":1020,"height":559,"caption":"Forum Wissen Luftaufnahme c) Forum Wissen"},{"@type":"BreadcrumbList","@id":"https:\/\/9staedte.de\/es\/foro-conocimiento\/#breadcrumb","itemListElement":[{"@type":"ListItem","position":1,"name":"Startseite","item":"https:\/\/9staedte.de\/es\/"},{"@type":"ListItem","position":2,"name":"Foro Conocimiento"}]},{"@type":"WebSite","@id":"https:\/\/9staedte.de\/es\/#website","url":"https:\/\/9staedte.de\/es\/","name":"9 St\u00e4dte in Niedersachsen","description":"","publisher":{"@id":"https:\/\/9staedte.de\/es\/#organization"},"potentialAction":[{"@type":"SearchAction","target":{"@type":"EntryPoint","urlTemplate":"https:\/\/9staedte.de\/es\/?s={search_term_string}"},"query-input":{"@type":"PropertyValueSpecification","valueRequired":true,"valueName":"search_term_string"}}],"inLanguage":"es"},{"@type":"Organization","@id":"https:\/\/9staedte.de\/es\/#organization","name":"9 St\u00e4dte in Niedersachsen","url":"https:\/\/9staedte.de\/es\/","logo":{"@type":"ImageObject","inLanguage":"es","@id":"https:\/\/9staedte.de\/es\/#\/schema\/logo\/image\/","url":"https:\/\/9staedte.de\/wp-content\/uploads\/2025\/01\/9-neg-deutsch-2-1.png","contentUrl":"https:\/\/9staedte.de\/wp-content\/uploads\/2025\/01\/9-neg-deutsch-2-1.png","width":190,"height":114,"caption":"9 St\u00e4dte in Niedersachsen"},"image":{"@id":"https:\/\/9staedte.de\/es\/#\/schema\/logo\/image\/"}},{"@type":"Person","@id":"https:\/\/9staedte.de\/es\/#\/schema\/person\/62c7e26774028d3df697794861a45be5","name":"Sievers","image":{"@type":"ImageObject","inLanguage":"es","@id":"https:\/\/secure.gravatar.com\/avatar\/e73811de454f99d79a27402331a08410bb340b57cc321631a731ca71b1531f65?s=96&d=mm&r=g","url":"https:\/\/secure.gravatar.com\/avatar\/e73811de454f99d79a27402331a08410bb340b57cc321631a731ca71b1531f65?s=96&d=mm&r=g","contentUrl":"https:\/\/secure.gravatar.com\/avatar\/e73811de454f99d79a27402331a08410bb340b57cc321631a731ca71b1531f65?s=96&d=mm&r=g","caption":"Sievers"},"url":"https:\/\/9staedte.de\/es\/author\/sievers\/"}]}},"_links":{"self":[{"href":"https:\/\/9staedte.de\/es\/wp-json\/wp\/v2\/posts\/15707","targetHints":{"allow":["GET"]}}],"collection":[{"href":"https:\/\/9staedte.de\/es\/wp-json\/wp\/v2\/posts"}],"about":[{"href":"https:\/\/9staedte.de\/es\/wp-json\/wp\/v2\/types\/post"}],"author":[{"embeddable":true,"href":"https:\/\/9staedte.de\/es\/wp-json\/wp\/v2\/users\/6"}],"replies":[{"embeddable":true,"href":"https:\/\/9staedte.de\/es\/wp-json\/wp\/v2\/comments?post=15707"}],"version-history":[{"count":1,"href":"https:\/\/9staedte.de\/es\/wp-json\/wp\/v2\/posts\/15707\/revisions"}],"predecessor-version":[{"id":15720,"href":"https:\/\/9staedte.de\/es\/wp-json\/wp\/v2\/posts\/15707\/revisions\/15720"}],"wp:featuredmedia":[{"embeddable":true,"href":"https:\/\/9staedte.de\/es\/wp-json\/wp\/v2\/media\/15718"}],"wp:attachment":[{"href":"https:\/\/9staedte.de\/es\/wp-json\/wp\/v2\/media?parent=15707"}],"wp:term":[{"taxonomy":"category","embeddable":true,"href":"https:\/\/9staedte.de\/es\/wp-json\/wp\/v2\/categories?post=15707"},{"taxonomy":"post_tag","embeddable":true,"href":"https:\/\/9staedte.de\/es\/wp-json\/wp\/v2\/tags?post=15707"},{"taxonomy":"ncap_cities_tax","embeddable":true,"href":"https:\/\/9staedte.de\/es\/wp-json\/wp\/v2\/ncap_cities_tax?post=15707"}],"curies":[{"name":"wp","href":"https:\/\/api.w.org\/{rel}","templated":true}]}}