{"id":15357,"date":"2023-11-02T11:04:22","date_gmt":"2023-11-02T10:04:22","guid":{"rendered":"https:\/\/9staedte.de\/comunicado-de-prensa-winter-magic\/"},"modified":"2023-11-02T11:04:22","modified_gmt":"2023-11-02T10:04:22","slug":"comunicado-de-prensa-winter-magic","status":"publish","type":"post","link":"https:\/\/9staedte.de\/es\/comunicado-de-prensa-winter-magic\/","title":{"rendered":"Comunicado de prensa: Winter magic"},"content":{"rendered":"\n<h3 class=\"wp-block-heading\">9 ciudades + 2 en Baja Sajonia<\/h3>\n\n\n\n<h1 class=\"wp-block-heading\">La magia del invierno en nueve ciudades hist\u00f3ricas<\/h1>\n\n\n\n<p><strong>Ambiente urbano, Patrimonio de la Humanidad de la UNESCO, encantadoras ciudades con entramado de madera, castillos, parques y jardines en una de las regiones de mercados navide\u00f1os m\u00e1s bellas de Alemania. Braunschweig, Celle, Einbeck, Gotinga, Goslar, Hamel\u00edn, Hannover, Hildesheim y Wolfenb\u00fcttel, junto con el Autostadt de Wolfsburgo, ofrecen momentos muy especiales no s\u00f3lo durante el Adviento. Las ciudades est\u00e1n idealmente situadas para un viaje de ida y vuelta prenavide\u00f1o.<\/strong><\/p>\n\n\n\n<p>Especialmente en invierno, las ciudades de Baja Sajonia muestran su especial encanto. Los mercados navide\u00f1os de las nueve ciudades son ricos en tradici\u00f3n. Un consejo para los amantes del esp\u00edritu navide\u00f1o cl\u00e1sico, el ambiente festivo y las ofertas con estilo. Los mercados navide\u00f1os brillan ante encantadores telones de fondo hist\u00f3ricos. Las compras navide\u00f1as en los centros urbanos decorados festivamente se convierten en una experiencia muy especial. Una gran variedad aguarda a los visitantes en una visita a un mercado navide\u00f1o: ya sea el bosque de Navidad, la milla de cuento de hadas de Navidad, el mercado navide\u00f1o hist\u00f3rico o el mercado navide\u00f1o finland\u00e9s: cada mercado navide\u00f1o tiene su propio encanto y aspectos destacados muy especiales. El programa se completa con numerosos actos de ambientaci\u00f3n. Y el Autostadt de Wolfsburgo tambi\u00e9n se transforma en un para\u00edso invernal en v\u00edsperas de Navidad.<\/p>\n\n\n\n<p>Los visitantes pueden experimentar la historia de primera mano en un recorrido por las nueve ciudades que merece la pena ver. Las distancias cortas hacen que el viaje sea agradable. Plazas medievales, lugares declarados Patrimonio de la Humanidad por la UNESCO, castillos, parques y jardines ofrecen un bello marco para los mercados navide\u00f1os y los actos prenavide\u00f1os.<\/p>\n\n\n\n<p>En <strong>Gotinga<\/strong>, ciudad universitaria impregnada de tradici\u00f3n, los artesanos no s\u00f3lo presentan obras de arte en vidrio, tallas de madera y velas, sino que tambi\u00e9n permiten a los visitantes mirar por encima del hombro mientras trabajan. El programa cultural del mercado navide\u00f1o cambia a diario.<br>En <strong><em>Hamel\u00edn<\/em><\/strong>, la ciudad del Flautista de <strong><em>Hamel\u00edn<\/em><\/strong>, la fachada de la Casa de Bodas se convierte en un calendario de Adviento, y una pir\u00e1mide de once metros de altura en L\u00fctjenmarkt crea un ambiente navide\u00f1o. Los visitantes pueden soplar su propia bola de cristal en la cristaler\u00eda de Hameln.<br>El bosque de Navidad de la ciudad de <strong>Goslar<\/strong>, declarada Patrimonio de la Humanidad por la UNESCO <strong><em> <\/em>, en las monta\u00f1as del Harz, es \u00fanico en Alemania.<\/strong> M\u00e1s de 40 abetos con diez mil luces iluminadas confieren al mercado navide\u00f1o de la hist\u00f3rica plaza del Mercado un ambiente muy especial.<br>En <strong>Wolfenb\u00fcttel<\/strong>, el mercado anual de Navidad se celebra en el Stadtmarkt, con sus entramados de madera como tel\u00f3n de fondo. Figuras navide\u00f1as de tama\u00f1o natural adornan el invernal casco antiguo. La novedad de este a\u00f1o es una bola de Navidad con zonas para sentarse a modo de sal\u00f3n navide\u00f1o con el castillo como tel\u00f3n de fondo.<br>Un popular punto de encuentro en el mercado navide\u00f1o de la Ciudad del Le\u00f3n de <strong>Braunschweig<\/strong> son las balsas del Burggraben, bellamente iluminado. En la Burgplatz y sus alrededores, unos 150 artesanos y comerciantes ofrecen puestos decorados con esmero.<br>El mercado navide\u00f1o de la ciudad residencial de <strong>Celle<\/strong> est\u00e1 enmarcado por el mayor conjunto interconectado de casas con entramado de madera de Europa. El resplandor de las luces navide\u00f1as evoca un brillo festivo en las coloridas fachadas.<br>Un pueblo navide\u00f1o medieval y otro finland\u00e9s forman parte del mercado navide\u00f1o del casco antiguo <strong>de Hannover<\/strong>. El programa de Adviento en la ciudad es muy colorido. Dos atracciones muy especiales son la Variet\u00e9 d&#8217;hiver y el Jard\u00edn Navide\u00f1o del Zoo de Aventuras de Hannover.<br>El coraz\u00f3n del mercado navide\u00f1o <strong>de Hildesheim<em> <\/em><\/strong>late en la hist\u00f3rica plaza del mercado. Aqu\u00ed, alrededor de una gran pir\u00e1mide navide\u00f1a, hay caba\u00f1as de madera art\u00edsticamente elaboradas. La torre de iglesia m\u00e1s alta de Baja Sajonia ofrece una vista de cuento de hadas del Marco.<br>En <strong>Einbeck <\/strong>, la tradicional Aldea Navide\u00f1a de Einbeck abre de nuevo sus puertas. Las luces de Navidad iluminan el centro de Einbeck y los visitantes pueden disfrutar de una variada oferta de artesan\u00eda y especialidades regionales.  <\/p>\n\n\n\n<p>Sugerencia: Un viaje por las ciudades hist\u00f3ricas en combinaci\u00f3n con una visita al <strong>\n  <em>Autostadt de Wolfsburgo.<\/em>\n<\/strong> Desde finales de noviembre hasta finales de diciembre&nbsp;, el Autostadt se convierte en un mundo de cuento de hadas de hielo, nieve y luces parpadeantes. Mercado de invierno con puestos decorados con esmero que ofrecen especialidades navide\u00f1as e ideas para regalos.<\/p>\n\n\n\n<p><\/p>\n\n\n\n<p>M\u00e1s informaci\u00f3n: <a href=\"https:\/\/9staedte.de\/weihnachtsmaerkte\/\">https:\/\/9staedte.de\/weihnachtsmaerkte\/<\/a><\/p>\n\n\n\n<figure class=\"wp-block-gallery has-nested-images columns-default is-cropped wp-block-gallery-1 is-layout-flex wp-block-gallery-is-layout-flex\">\n<figure class=\"wp-block-image size-large\"><img loading=\"lazy\" decoding=\"async\" width=\"1020\" height=\"560\" data-id=\"2745\" src=\"https:\/\/9staedte.de\/wp-content\/smush-webp\/2023\/01\/Braunschweig-Christmas-Market-c-Braunschweig-Stadtmarketing-GmbH.jpg.webp\" alt=\"Mercado de Navidad de Braunschweig c) Braunschweig City Marketing\" class=\"wp-image-2745\" srcset=\"https:\/\/9staedte.de\/wp-content\/smush-webp\/2023\/01\/Braunschweig-Christmas-Market-c-Braunschweig-Stadtmarketing-GmbH.jpg.webp 1020w, https:\/\/9staedte.de\/wp-content\/smush-webp\/2023\/01\/Braunschweig-Christmas-Market-c-Braunschweig-Stadtmarketing-GmbH-300x165.jpg.webp 300w, https:\/\/9staedte.de\/wp-content\/smush-webp\/2023\/01\/Braunschweig-Christmas-Market-c-Braunschweig-Stadtmarketing-GmbH-768x422.jpg.webp 768w\" sizes=\"auto, (max-width: 1020px) 100vw, 1020px\" \/><figcaption class=\"wp-element-caption\">Mercado de Navidad de Braunschweig c) Braunschweig City Marketing<\/figcaption><\/figure>\n\n\n\n<figure class=\"wp-block-image size-large\"><img loading=\"lazy\" decoding=\"async\" width=\"1020\" height=\"560\" data-id=\"3859\" src=\"https:\/\/9staedte.de\/wp-content\/smush-webp\/2022\/07\/Celle-Weihnachtsmarkt-Grosser-Plan-c-Celle-Tourismus.jpg.webp\" alt=\"Mercado de Navidad de Celle Gro\u00dfer Plan c) Celle Tourismus\" class=\"wp-image-3859\" srcset=\"https:\/\/9staedte.de\/wp-content\/smush-webp\/2022\/07\/Celle-Weihnachtsmarkt-Grosser-Plan-c-Celle-Tourismus.jpg.webp 1020w, https:\/\/9staedte.de\/wp-content\/smush-webp\/2022\/07\/Celle-Weihnachtsmarkt-Grosser-Plan-c-Celle-Tourismus-300x165.jpg.webp 300w, https:\/\/9staedte.de\/wp-content\/smush-webp\/2022\/07\/Celle-Weihnachtsmarkt-Grosser-Plan-c-Celle-Tourismus-768x422.jpg.webp 768w\" sizes=\"auto, (max-width: 1020px) 100vw, 1020px\" \/><figcaption class=\"wp-element-caption\">Mercado de Navidad de Celle Gro\u00dfer Plan c) Celle Tourismus<\/figcaption><\/figure>\n\n\n\n<figure class=\"wp-block-image size-large\"><img decoding=\"async\" data-id=\"506\" src=\"https:\/\/9staedte.de\/wp-content\/uploads\/2022\/03\/6.-Einbecker-Weihnachtsdorf-%C2%A9Einbeck-Marketing-GmbH-1024x768.jpg\" alt=\"Pueblo navide\u00f1o de Einbeck\" class=\"wp-image-506\"><figcaption class=\"wp-element-caption\">Pueblo navide\u00f1o de Einbeck, \u00a9Einbeck Marketing GmbH<\/figcaption><\/figure>\n\n\n\n<figure class=\"wp-block-image size-large\"><img loading=\"lazy\" decoding=\"async\" width=\"1020\" height=\"561\" data-id=\"3048\" src=\"https:\/\/9staedte.de\/wp-content\/smush-webp\/2023\/02\/Goettingen-Weihnachtsmarkt-c-Christoph-Mischke.jpg.webp\" alt=\"El mercado navide\u00f1o de G\u00f6ttingen. c) Christoph Mischke\" class=\"wp-image-3048\" srcset=\"https:\/\/9staedte.de\/wp-content\/smush-webp\/2023\/02\/Goettingen-Weihnachtsmarkt-c-Christoph-Mischke.jpg.webp 1020w, https:\/\/9staedte.de\/wp-content\/smush-webp\/2023\/02\/Goettingen-Weihnachtsmarkt-c-Christoph-Mischke-300x165.jpg.webp 300w, https:\/\/9staedte.de\/wp-content\/smush-webp\/2023\/02\/Goettingen-Weihnachtsmarkt-c-Christoph-Mischke-768x422.jpg.webp 768w\" sizes=\"auto, (max-width: 1020px) 100vw, 1020px\" \/><figcaption class=\"wp-element-caption\">Mercado de Navidad de Gotinga. c) Christoph Mischke<\/figcaption><\/figure>\n\n\n\n<figure class=\"wp-block-image size-large\"><img loading=\"lazy\" decoding=\"async\" width=\"1024\" height=\"683\" data-id=\"356\" src=\"https:\/\/9staedte.de\/wp-content\/smush-webp\/2022\/03\/GOSLAR-Weihnachtsmarkt-Abend-Quelle-GOSLAR-marketing-gbmh-Fotograf-Stefan-Schiefer-1024x683.jpg.webp\" alt=\"Mercado de Navidad de Goslar\" class=\"wp-image-356\" srcset=\"https:\/\/9staedte.de\/wp-content\/smush-webp\/2022\/03\/GOSLAR-Weihnachtsmarkt-Abend-Quelle-GOSLAR-marketing-gbmh-Fotograf-Stefan-Schiefer-1024x683.jpg.webp 1024w, https:\/\/9staedte.de\/wp-content\/smush-webp\/2022\/03\/GOSLAR-Weihnachtsmarkt-Abend-Quelle-GOSLAR-marketing-gbmh-Fotograf-Stefan-Schiefer-300x200.jpg.webp 300w, https:\/\/9staedte.de\/wp-content\/smush-webp\/2022\/03\/GOSLAR-Weihnachtsmarkt-Abend-Quelle-GOSLAR-marketing-gbmh-Fotograf-Stefan-Schiefer-768x512.jpg.webp 768w, https:\/\/9staedte.de\/wp-content\/smush-webp\/2022\/03\/GOSLAR-Weihnachtsmarkt-Abend-Quelle-GOSLAR-marketing-gbmh-Fotograf-Stefan-Schiefer-1536x1024.jpg.webp 1536w, https:\/\/9staedte.de\/wp-content\/smush-webp\/2022\/03\/GOSLAR-Weihnachtsmarkt-Abend-Quelle-GOSLAR-marketing-gbmh-Fotograf-Stefan-Schiefer-2048x1365.jpg.webp 2048w, https:\/\/9staedte.de\/wp-content\/smush-webp\/2022\/03\/GOSLAR-Weihnachtsmarkt-Abend-Quelle-GOSLAR-marketing-gbmh-Fotograf-Stefan-Schiefer-scaled.jpg.webp 1200w\" sizes=\"auto, (max-width: 1024px) 100vw, 1024px\" \/><figcaption class=\"wp-element-caption\">Mercado de Navidad de Goslar c) GOSLAR marketing gmbh Stefan Schiefer<\/figcaption><\/figure>\n\n\n\n<figure class=\"wp-block-image size-large\"><img loading=\"lazy\" decoding=\"async\" width=\"1019\" height=\"560\" data-id=\"4122\" src=\"https:\/\/9staedte.de\/wp-content\/smush-webp\/2022\/07\/Weihnachtsmarkt-Hameln-copyright-HMT.jpg.webp\" alt=\"Mercado de Navidad de Hameln copyright HMT\" class=\"wp-image-4122\" srcset=\"https:\/\/9staedte.de\/wp-content\/smush-webp\/2022\/07\/Weihnachtsmarkt-Hameln-copyright-HMT.jpg.webp 1019w, https:\/\/9staedte.de\/wp-content\/smush-webp\/2022\/07\/Weihnachtsmarkt-Hameln-copyright-HMT-300x165.jpg.webp 300w, https:\/\/9staedte.de\/wp-content\/smush-webp\/2022\/07\/Weihnachtsmarkt-Hameln-copyright-HMT-768x422.jpg.webp 768w\" sizes=\"auto, (max-width: 1019px) 100vw, 1019px\" \/><figcaption class=\"wp-element-caption\">Mercado de Navidad de Hameln copyright HMT<\/figcaption><\/figure>\n\n\n\n<figure class=\"wp-block-image size-large\"><img loading=\"lazy\" decoding=\"async\" width=\"1020\" height=\"560\" data-id=\"3596\" src=\"https:\/\/9staedte.de\/wp-content\/smush-webp\/2023\/02\/Weihnachtsmarkt-Hannover-c-Lars-Gerhardts.jpg.webp\" alt=\"Mercado de Navidad de Hannover c) Lars Gerhardts\" class=\"wp-image-3596\" srcset=\"https:\/\/9staedte.de\/wp-content\/smush-webp\/2023\/02\/Weihnachtsmarkt-Hannover-c-Lars-Gerhardts.jpg.webp 1020w, https:\/\/9staedte.de\/wp-content\/smush-webp\/2023\/02\/Weihnachtsmarkt-Hannover-c-Lars-Gerhardts-300x165.jpg.webp 300w, https:\/\/9staedte.de\/wp-content\/smush-webp\/2023\/02\/Weihnachtsmarkt-Hannover-c-Lars-Gerhardts-768x422.jpg.webp 768w\" sizes=\"auto, (max-width: 1020px) 100vw, 1020px\" \/><figcaption class=\"wp-element-caption\">Mercado de Navidad de Hannover c) Lars Gerhardts<\/figcaption><\/figure>\n\n\n\n<figure class=\"wp-block-image size-large\"><img loading=\"lazy\" decoding=\"async\" width=\"1020\" height=\"560\" data-id=\"4349\" src=\"https:\/\/9staedte.de\/wp-content\/smush-webp\/2022\/07\/Hildesheim-Weihnachtsmarkt-cvanderValk-Hotel.jpg.webp\" alt=\"Mercado de Navidad en Hildesheim c) Van der Valk Hotels\" class=\"wp-image-4349\" srcset=\"https:\/\/9staedte.de\/wp-content\/smush-webp\/2022\/07\/Hildesheim-Weihnachtsmarkt-cvanderValk-Hotel.jpg.webp 1020w, https:\/\/9staedte.de\/wp-content\/smush-webp\/2022\/07\/Hildesheim-Weihnachtsmarkt-cvanderValk-Hotel-300x165.jpg.webp 300w, https:\/\/9staedte.de\/wp-content\/smush-webp\/2022\/07\/Hildesheim-Weihnachtsmarkt-cvanderValk-Hotel-768x422.jpg.webp 768w\" sizes=\"auto, (max-width: 1020px) 100vw, 1020px\" \/><figcaption class=\"wp-element-caption\">Mercado de Navidad en Hildesheim c) Van der Valk Hotels<\/figcaption><\/figure>\n\n\n\n<figure class=\"wp-block-image size-large\"><img loading=\"lazy\" decoding=\"async\" width=\"1020\" height=\"560\" data-id=\"3333\" src=\"https:\/\/9staedte.de\/wp-content\/smush-webp\/2023\/02\/Weihnachtsmarkt-Wolfenbuettel-c-Stadt-Wolfenbuettel-Christian-Bierwagen.jpg.webp\" alt=\"Mercado de Navidad Wolfenb\u00fcttel c) Ciudad de Wolfenb\u00fcttel Christian Bierwagen\" class=\"wp-image-3333\" srcset=\"https:\/\/9staedte.de\/wp-content\/smush-webp\/2023\/02\/Weihnachtsmarkt-Wolfenbuettel-c-Stadt-Wolfenbuettel-Christian-Bierwagen.jpg.webp 1020w, https:\/\/9staedte.de\/wp-content\/smush-webp\/2023\/02\/Weihnachtsmarkt-Wolfenbuettel-c-Stadt-Wolfenbuettel-Christian-Bierwagen-300x165.jpg.webp 300w, https:\/\/9staedte.de\/wp-content\/smush-webp\/2023\/02\/Weihnachtsmarkt-Wolfenbuettel-c-Stadt-Wolfenbuettel-Christian-Bierwagen-768x422.jpg.webp 768w\" sizes=\"auto, (max-width: 1020px) 100vw, 1020px\" \/><figcaption class=\"wp-element-caption\">Mercado de Navidad Wolfenb\u00fcttel c) Ciudad de Wolfenb\u00fcttel Christian Bierwagen<\/figcaption><\/figure>\n\n\n\n<figure class=\"wp-block-image size-large\"><img loading=\"lazy\" decoding=\"async\" width=\"1024\" height=\"683\" data-id=\"570\" src=\"https:\/\/9staedte.de\/wp-content\/smush-webp\/2022\/03\/Winterwelt_Credit-Matthias-Leitzke-1024x683.jpg.webp\" alt=\"Mundo invernal en Autostadt\" class=\"wp-image-570\" srcset=\"https:\/\/9staedte.de\/wp-content\/smush-webp\/2022\/03\/Winterwelt_Credit-Matthias-Leitzke-1024x683.jpg.webp 1024w, https:\/\/9staedte.de\/wp-content\/smush-webp\/2022\/03\/Winterwelt_Credit-Matthias-Leitzke-300x200.jpg.webp 300w, https:\/\/9staedte.de\/wp-content\/smush-webp\/2022\/03\/Winterwelt_Credit-Matthias-Leitzke-768x512.jpg.webp 768w, https:\/\/9staedte.de\/wp-content\/smush-webp\/2022\/03\/Winterwelt_Credit-Matthias-Leitzke-1536x1024.jpg.webp 1536w, https:\/\/9staedte.de\/wp-content\/smush-webp\/2022\/03\/Winterwelt_Credit-Matthias-Leitzke-2048x1366.jpg.webp 2048w, https:\/\/9staedte.de\/wp-content\/smush-webp\/2022\/03\/Winterwelt_Credit-Matthias-Leitzke.jpg.webp 1200w\" sizes=\"auto, (max-width: 1024px) 100vw, 1024px\" \/><figcaption class=\"wp-element-caption\">Mundo invernal en Autostadt c) Matthias Leitzke<\/figcaption><\/figure>\n<\/figure>\n\n\n\n<p><\/p>\n\n\n\n<p><\/p>\n","protected":false},"excerpt":{"rendered":"<p>9 ciudades + 2 en Baja Sajonia La magia del invierno en nueve ciudades hist\u00f3ricas Ambiente urbano, Patrimonio de la Humanidad de la UNESCO, encantadoras ciudades con entramado de madera, castillos, parques y jardines en una de las regiones de mercados navide\u00f1os m\u00e1s bellas de Alemania. Braunschweig, Celle, Einbeck, Gotinga, Goslar, Hamel\u00edn, Hannover, Hildesheim y [&hellip;]<\/p>\n","protected":false},"author":6,"featured_media":15285,"comment_status":"closed","ping_status":"closed","sticky":false,"template":"","format":"standard","meta":{"_acf_changed":false,"footnotes":""},"categories":[352],"tags":[],"ncap_cities_tax":[],"class_list":["post-15357","post","type-post","status-publish","format-standard","has-post-thumbnail","hentry","category-sin-categorizar"],"acf":[],"yoast_head":"<!-- This site is optimized with the Yoast SEO plugin v27.4 - https:\/\/yoast.com\/product\/yoast-seo-wordpress\/ -->\n<title>Comunicado de prensa: Winter magic - 9 St\u00e4dte in Niedersachsen<\/title>\n<meta name=\"robots\" content=\"index, follow, max-snippet:-1, max-image-preview:large, max-video-preview:-1\" \/>\n<link rel=\"canonical\" href=\"https:\/\/9staedte.de\/es\/comunicado-de-prensa-winter-magic\/\" \/>\n<meta property=\"og:locale\" content=\"es_ES\" \/>\n<meta property=\"og:type\" content=\"article\" \/>\n<meta property=\"og:title\" content=\"Comunicado de prensa: Winter magic - 9 St\u00e4dte in Niedersachsen\" \/>\n<meta property=\"og:description\" content=\"9 ciudades + 2 en Baja Sajonia La magia del invierno en nueve ciudades hist\u00f3ricas Ambiente urbano, Patrimonio de la Humanidad de la UNESCO, encantadoras ciudades con entramado de madera, castillos, parques y jardines en una de las regiones de mercados navide\u00f1os m\u00e1s bellas de Alemania. Braunschweig, Celle, Einbeck, Gotinga, Goslar, Hamel\u00edn, Hannover, Hildesheim y [&hellip;]\" \/>\n<meta property=\"og:url\" content=\"https:\/\/9staedte.de\/es\/comunicado-de-prensa-winter-magic\/\" \/>\n<meta property=\"og:site_name\" content=\"9 St\u00e4dte in Niedersachsen\" \/>\n<meta property=\"article:published_time\" content=\"2023-11-02T10:04:22+00:00\" \/>\n<meta property=\"og:image\" content=\"https:\/\/9staedte.de\/wp-content\/uploads\/2023\/02\/Weihnachtsmarkt-Hannover-c-Lars-Gerhardts.jpg\" \/>\n\t<meta property=\"og:image:width\" content=\"1020\" \/>\n\t<meta property=\"og:image:height\" content=\"560\" \/>\n\t<meta property=\"og:image:type\" content=\"image\/jpeg\" \/>\n<meta name=\"author\" content=\"Sievers\" \/>\n<meta name=\"twitter:card\" content=\"summary_large_image\" \/>\n<meta name=\"twitter:label1\" content=\"Escrito por\" \/>\n\t<meta name=\"twitter:data1\" content=\"Sievers\" \/>\n\t<meta name=\"twitter:label2\" content=\"Tiempo de lectura\" \/>\n\t<meta name=\"twitter:data2\" content=\"5 minutos\" \/>\n<script type=\"application\/ld+json\" class=\"yoast-schema-graph\">{\"@context\":\"https:\\\/\\\/schema.org\",\"@graph\":[{\"@type\":\"Article\",\"@id\":\"https:\\\/\\\/9staedte.de\\\/es\\\/comunicado-de-prensa-winter-magic\\\/#article\",\"isPartOf\":{\"@id\":\"https:\\\/\\\/9staedte.de\\\/es\\\/comunicado-de-prensa-winter-magic\\\/\"},\"author\":{\"name\":\"Sievers\",\"@id\":\"https:\\\/\\\/9staedte.de\\\/es\\\/#\\\/schema\\\/person\\\/62c7e26774028d3df697794861a45be5\"},\"headline\":\"Comunicado de prensa: Winter magic\",\"datePublished\":\"2023-11-02T10:04:22+00:00\",\"mainEntityOfPage\":{\"@id\":\"https:\\\/\\\/9staedte.de\\\/es\\\/comunicado-de-prensa-winter-magic\\\/\"},\"wordCount\":915,\"publisher\":{\"@id\":\"https:\\\/\\\/9staedte.de\\\/es\\\/#organization\"},\"image\":{\"@id\":\"https:\\\/\\\/9staedte.de\\\/es\\\/comunicado-de-prensa-winter-magic\\\/#primaryimage\"},\"thumbnailUrl\":\"https:\\\/\\\/9staedte.de\\\/wp-content\\\/uploads\\\/2023\\\/02\\\/Weihnachtsmarkt-Hannover-c-Lars-Gerhardts.jpg\",\"articleSection\":[\"Sin categorizar\"],\"inLanguage\":\"es\"},{\"@type\":\"WebPage\",\"@id\":\"https:\\\/\\\/9staedte.de\\\/es\\\/comunicado-de-prensa-winter-magic\\\/\",\"url\":\"https:\\\/\\\/9staedte.de\\\/es\\\/comunicado-de-prensa-winter-magic\\\/\",\"name\":\"Comunicado de prensa: Winter magic - 9 St\u00e4dte in Niedersachsen\",\"isPartOf\":{\"@id\":\"https:\\\/\\\/9staedte.de\\\/es\\\/#website\"},\"primaryImageOfPage\":{\"@id\":\"https:\\\/\\\/9staedte.de\\\/es\\\/comunicado-de-prensa-winter-magic\\\/#primaryimage\"},\"image\":{\"@id\":\"https:\\\/\\\/9staedte.de\\\/es\\\/comunicado-de-prensa-winter-magic\\\/#primaryimage\"},\"thumbnailUrl\":\"https:\\\/\\\/9staedte.de\\\/wp-content\\\/uploads\\\/2023\\\/02\\\/Weihnachtsmarkt-Hannover-c-Lars-Gerhardts.jpg\",\"datePublished\":\"2023-11-02T10:04:22+00:00\",\"breadcrumb\":{\"@id\":\"https:\\\/\\\/9staedte.de\\\/es\\\/comunicado-de-prensa-winter-magic\\\/#breadcrumb\"},\"inLanguage\":\"es\",\"potentialAction\":[{\"@type\":\"ReadAction\",\"target\":[\"https:\\\/\\\/9staedte.de\\\/es\\\/comunicado-de-prensa-winter-magic\\\/\"]}]},{\"@type\":\"ImageObject\",\"inLanguage\":\"es\",\"@id\":\"https:\\\/\\\/9staedte.de\\\/es\\\/comunicado-de-prensa-winter-magic\\\/#primaryimage\",\"url\":\"https:\\\/\\\/9staedte.de\\\/wp-content\\\/uploads\\\/2023\\\/02\\\/Weihnachtsmarkt-Hannover-c-Lars-Gerhardts.jpg\",\"contentUrl\":\"https:\\\/\\\/9staedte.de\\\/wp-content\\\/uploads\\\/2023\\\/02\\\/Weihnachtsmarkt-Hannover-c-Lars-Gerhardts.jpg\",\"width\":1020,\"height\":560,\"caption\":\"Weihnachtsmarkt Hannover c) Lars Gerhardts\"},{\"@type\":\"BreadcrumbList\",\"@id\":\"https:\\\/\\\/9staedte.de\\\/es\\\/comunicado-de-prensa-winter-magic\\\/#breadcrumb\",\"itemListElement\":[{\"@type\":\"ListItem\",\"position\":1,\"name\":\"Startseite\",\"item\":\"https:\\\/\\\/9staedte.de\\\/es\\\/\"},{\"@type\":\"ListItem\",\"position\":2,\"name\":\"Comunicado de prensa: Winter magic\"}]},{\"@type\":\"WebSite\",\"@id\":\"https:\\\/\\\/9staedte.de\\\/es\\\/#website\",\"url\":\"https:\\\/\\\/9staedte.de\\\/es\\\/\",\"name\":\"9 St\u00e4dte in Niedersachsen\",\"description\":\"\",\"publisher\":{\"@id\":\"https:\\\/\\\/9staedte.de\\\/es\\\/#organization\"},\"potentialAction\":[{\"@type\":\"SearchAction\",\"target\":{\"@type\":\"EntryPoint\",\"urlTemplate\":\"https:\\\/\\\/9staedte.de\\\/es\\\/?s={search_term_string}\"},\"query-input\":{\"@type\":\"PropertyValueSpecification\",\"valueRequired\":true,\"valueName\":\"search_term_string\"}}],\"inLanguage\":\"es\"},{\"@type\":\"Organization\",\"@id\":\"https:\\\/\\\/9staedte.de\\\/es\\\/#organization\",\"name\":\"9 St\u00e4dte in Niedersachsen\",\"url\":\"https:\\\/\\\/9staedte.de\\\/es\\\/\",\"logo\":{\"@type\":\"ImageObject\",\"inLanguage\":\"es\",\"@id\":\"https:\\\/\\\/9staedte.de\\\/es\\\/#\\\/schema\\\/logo\\\/image\\\/\",\"url\":\"https:\\\/\\\/9staedte.de\\\/wp-content\\\/uploads\\\/2025\\\/01\\\/9-neg-deutsch-2-1.png\",\"contentUrl\":\"https:\\\/\\\/9staedte.de\\\/wp-content\\\/uploads\\\/2025\\\/01\\\/9-neg-deutsch-2-1.png\",\"width\":190,\"height\":114,\"caption\":\"9 St\u00e4dte in Niedersachsen\"},\"image\":{\"@id\":\"https:\\\/\\\/9staedte.de\\\/es\\\/#\\\/schema\\\/logo\\\/image\\\/\"}},{\"@type\":\"Person\",\"@id\":\"https:\\\/\\\/9staedte.de\\\/es\\\/#\\\/schema\\\/person\\\/62c7e26774028d3df697794861a45be5\",\"name\":\"Sievers\",\"image\":{\"@type\":\"ImageObject\",\"inLanguage\":\"es\",\"@id\":\"https:\\\/\\\/secure.gravatar.com\\\/avatar\\\/e73811de454f99d79a27402331a08410bb340b57cc321631a731ca71b1531f65?s=96&d=mm&r=g\",\"url\":\"https:\\\/\\\/secure.gravatar.com\\\/avatar\\\/e73811de454f99d79a27402331a08410bb340b57cc321631a731ca71b1531f65?s=96&d=mm&r=g\",\"contentUrl\":\"https:\\\/\\\/secure.gravatar.com\\\/avatar\\\/e73811de454f99d79a27402331a08410bb340b57cc321631a731ca71b1531f65?s=96&d=mm&r=g\",\"caption\":\"Sievers\"},\"url\":\"https:\\\/\\\/9staedte.de\\\/es\\\/author\\\/sievers\\\/\"}]}<\/script>\n<!-- \/ Yoast SEO plugin. -->","yoast_head_json":{"title":"Comunicado de prensa: Winter magic - 9 St\u00e4dte in Niedersachsen","robots":{"index":"index","follow":"follow","max-snippet":"max-snippet:-1","max-image-preview":"max-image-preview:large","max-video-preview":"max-video-preview:-1"},"canonical":"https:\/\/9staedte.de\/es\/comunicado-de-prensa-winter-magic\/","og_locale":"es_ES","og_type":"article","og_title":"Comunicado de prensa: Winter magic - 9 St\u00e4dte in Niedersachsen","og_description":"9 ciudades + 2 en Baja Sajonia La magia del invierno en nueve ciudades hist\u00f3ricas Ambiente urbano, Patrimonio de la Humanidad de la UNESCO, encantadoras ciudades con entramado de madera, castillos, parques y jardines en una de las regiones de mercados navide\u00f1os m\u00e1s bellas de Alemania. Braunschweig, Celle, Einbeck, Gotinga, Goslar, Hamel\u00edn, Hannover, Hildesheim y [&hellip;]","og_url":"https:\/\/9staedte.de\/es\/comunicado-de-prensa-winter-magic\/","og_site_name":"9 St\u00e4dte in Niedersachsen","article_published_time":"2023-11-02T10:04:22+00:00","og_image":[{"width":1020,"height":560,"url":"https:\/\/9staedte.de\/wp-content\/uploads\/2023\/02\/Weihnachtsmarkt-Hannover-c-Lars-Gerhardts.jpg","type":"image\/jpeg"}],"author":"Sievers","twitter_card":"summary_large_image","twitter_misc":{"Escrito por":"Sievers","Tiempo de lectura":"5 minutos"},"schema":{"@context":"https:\/\/schema.org","@graph":[{"@type":"Article","@id":"https:\/\/9staedte.de\/es\/comunicado-de-prensa-winter-magic\/#article","isPartOf":{"@id":"https:\/\/9staedte.de\/es\/comunicado-de-prensa-winter-magic\/"},"author":{"name":"Sievers","@id":"https:\/\/9staedte.de\/es\/#\/schema\/person\/62c7e26774028d3df697794861a45be5"},"headline":"Comunicado de prensa: Winter magic","datePublished":"2023-11-02T10:04:22+00:00","mainEntityOfPage":{"@id":"https:\/\/9staedte.de\/es\/comunicado-de-prensa-winter-magic\/"},"wordCount":915,"publisher":{"@id":"https:\/\/9staedte.de\/es\/#organization"},"image":{"@id":"https:\/\/9staedte.de\/es\/comunicado-de-prensa-winter-magic\/#primaryimage"},"thumbnailUrl":"https:\/\/9staedte.de\/wp-content\/uploads\/2023\/02\/Weihnachtsmarkt-Hannover-c-Lars-Gerhardts.jpg","articleSection":["Sin categorizar"],"inLanguage":"es"},{"@type":"WebPage","@id":"https:\/\/9staedte.de\/es\/comunicado-de-prensa-winter-magic\/","url":"https:\/\/9staedte.de\/es\/comunicado-de-prensa-winter-magic\/","name":"Comunicado de prensa: Winter magic - 9 St\u00e4dte in Niedersachsen","isPartOf":{"@id":"https:\/\/9staedte.de\/es\/#website"},"primaryImageOfPage":{"@id":"https:\/\/9staedte.de\/es\/comunicado-de-prensa-winter-magic\/#primaryimage"},"image":{"@id":"https:\/\/9staedte.de\/es\/comunicado-de-prensa-winter-magic\/#primaryimage"},"thumbnailUrl":"https:\/\/9staedte.de\/wp-content\/uploads\/2023\/02\/Weihnachtsmarkt-Hannover-c-Lars-Gerhardts.jpg","datePublished":"2023-11-02T10:04:22+00:00","breadcrumb":{"@id":"https:\/\/9staedte.de\/es\/comunicado-de-prensa-winter-magic\/#breadcrumb"},"inLanguage":"es","potentialAction":[{"@type":"ReadAction","target":["https:\/\/9staedte.de\/es\/comunicado-de-prensa-winter-magic\/"]}]},{"@type":"ImageObject","inLanguage":"es","@id":"https:\/\/9staedte.de\/es\/comunicado-de-prensa-winter-magic\/#primaryimage","url":"https:\/\/9staedte.de\/wp-content\/uploads\/2023\/02\/Weihnachtsmarkt-Hannover-c-Lars-Gerhardts.jpg","contentUrl":"https:\/\/9staedte.de\/wp-content\/uploads\/2023\/02\/Weihnachtsmarkt-Hannover-c-Lars-Gerhardts.jpg","width":1020,"height":560,"caption":"Weihnachtsmarkt Hannover c) Lars Gerhardts"},{"@type":"BreadcrumbList","@id":"https:\/\/9staedte.de\/es\/comunicado-de-prensa-winter-magic\/#breadcrumb","itemListElement":[{"@type":"ListItem","position":1,"name":"Startseite","item":"https:\/\/9staedte.de\/es\/"},{"@type":"ListItem","position":2,"name":"Comunicado de prensa: Winter magic"}]},{"@type":"WebSite","@id":"https:\/\/9staedte.de\/es\/#website","url":"https:\/\/9staedte.de\/es\/","name":"9 St\u00e4dte in Niedersachsen","description":"","publisher":{"@id":"https:\/\/9staedte.de\/es\/#organization"},"potentialAction":[{"@type":"SearchAction","target":{"@type":"EntryPoint","urlTemplate":"https:\/\/9staedte.de\/es\/?s={search_term_string}"},"query-input":{"@type":"PropertyValueSpecification","valueRequired":true,"valueName":"search_term_string"}}],"inLanguage":"es"},{"@type":"Organization","@id":"https:\/\/9staedte.de\/es\/#organization","name":"9 St\u00e4dte in Niedersachsen","url":"https:\/\/9staedte.de\/es\/","logo":{"@type":"ImageObject","inLanguage":"es","@id":"https:\/\/9staedte.de\/es\/#\/schema\/logo\/image\/","url":"https:\/\/9staedte.de\/wp-content\/uploads\/2025\/01\/9-neg-deutsch-2-1.png","contentUrl":"https:\/\/9staedte.de\/wp-content\/uploads\/2025\/01\/9-neg-deutsch-2-1.png","width":190,"height":114,"caption":"9 St\u00e4dte in Niedersachsen"},"image":{"@id":"https:\/\/9staedte.de\/es\/#\/schema\/logo\/image\/"}},{"@type":"Person","@id":"https:\/\/9staedte.de\/es\/#\/schema\/person\/62c7e26774028d3df697794861a45be5","name":"Sievers","image":{"@type":"ImageObject","inLanguage":"es","@id":"https:\/\/secure.gravatar.com\/avatar\/e73811de454f99d79a27402331a08410bb340b57cc321631a731ca71b1531f65?s=96&d=mm&r=g","url":"https:\/\/secure.gravatar.com\/avatar\/e73811de454f99d79a27402331a08410bb340b57cc321631a731ca71b1531f65?s=96&d=mm&r=g","contentUrl":"https:\/\/secure.gravatar.com\/avatar\/e73811de454f99d79a27402331a08410bb340b57cc321631a731ca71b1531f65?s=96&d=mm&r=g","caption":"Sievers"},"url":"https:\/\/9staedte.de\/es\/author\/sievers\/"}]}},"_links":{"self":[{"href":"https:\/\/9staedte.de\/es\/wp-json\/wp\/v2\/posts\/15357","targetHints":{"allow":["GET"]}}],"collection":[{"href":"https:\/\/9staedte.de\/es\/wp-json\/wp\/v2\/posts"}],"about":[{"href":"https:\/\/9staedte.de\/es\/wp-json\/wp\/v2\/types\/post"}],"author":[{"embeddable":true,"href":"https:\/\/9staedte.de\/es\/wp-json\/wp\/v2\/users\/6"}],"replies":[{"embeddable":true,"href":"https:\/\/9staedte.de\/es\/wp-json\/wp\/v2\/comments?post=15357"}],"version-history":[{"count":1,"href":"https:\/\/9staedte.de\/es\/wp-json\/wp\/v2\/posts\/15357\/revisions"}],"predecessor-version":[{"id":15367,"href":"https:\/\/9staedte.de\/es\/wp-json\/wp\/v2\/posts\/15357\/revisions\/15367"}],"wp:featuredmedia":[{"embeddable":true,"href":"https:\/\/9staedte.de\/es\/wp-json\/wp\/v2\/media\/15285"}],"wp:attachment":[{"href":"https:\/\/9staedte.de\/es\/wp-json\/wp\/v2\/media?parent=15357"}],"wp:term":[{"taxonomy":"category","embeddable":true,"href":"https:\/\/9staedte.de\/es\/wp-json\/wp\/v2\/categories?post=15357"},{"taxonomy":"post_tag","embeddable":true,"href":"https:\/\/9staedte.de\/es\/wp-json\/wp\/v2\/tags?post=15357"},{"taxonomy":"ncap_cities_tax","embeddable":true,"href":"https:\/\/9staedte.de\/es\/wp-json\/wp\/v2\/ncap_cities_tax?post=15357"}],"curies":[{"name":"wp","href":"https:\/\/api.w.org\/{rel}","templated":true}]}}